{"id":14,"count":3,"description":"","link":"http:\/\/regionalhumanrights.org\/az\/?cat=14","name":"jurnalistl\u0259r \u00fc\u00e7\u00fcn m\u00fcsabiq\u0259","slug":"jurnalistl%c9%99r-ucun-musabiq%c9%99","taxonomy":"category","parent":1,"meta":[],"_links":{"self":[{"href":"http:\/\/regionalhumanrights.org\/az\/index.php?rest_route=\/wp\/v2\/categories\/14"}],"collection":[{"href":"http:\/\/regionalhumanrights.org\/az\/index.php?rest_route=\/wp\/v2\/categories"}],"about":[{"href":"http:\/\/regionalhumanrights.org\/az\/index.php?rest_route=\/wp\/v2\/taxonomies\/category"}],"up":[{"embeddable":true,"href":"http:\/\/regionalhumanrights.org\/az\/index.php?rest_route=\/wp\/v2\/categories\/1"}],"wp:post_type":[{"href":"http:\/\/regionalhumanrights.org\/az\/index.php?rest_route=%2Fwp%2Fv2%2Fposts&categories=14"}],"curies":[{"name":"wp","href":"https:\/\/api.w.org\/{rel}","templated":true}]}}