{"id":1290,"date":"2014-12-27T20:19:19","date_gmt":"2014-12-27T16:19:19","guid":{"rendered":"http:\/\/regionalhumanrights.org\/az\/?p=1290"},"modified":"2014-12-27T20:19:19","modified_gmt":"2014-12-27T16:19:19","slug":"bakida-az%c9%99rbaycan-h%c9%99qiq%c9%99tl%c9%99rinin-yayilmasinda-turk-dunyasi-mediasinin-rolu-v%c9%99-v%c9%99zif%c9%99l%c9%99ri-movzusunda-t%c9%99dbir-kecirilib","status":"publish","type":"post","link":"http:\/\/regionalhumanrights.org\/az\/?p=1290","title":{"rendered":"Bak\u0131da \u201cAz\u0259rbaycan h\u0259qiq\u0259tl\u0259rinin yay\u0131lmas\u0131nda t\u00fcrk d\u00fcnyas\u0131 medias\u0131n\u0131n rolu v\u0259 v\u0259zif\u0259l\u0259ri\u201d m\u00f6vzusunda t\u0259dbir ke\u00e7irilib"},"content":{"rendered":"<p><a href=\"http:\/\/regionalhumanrights.org\/az\/wp-content\/uploads\/2014\/12\/turk-jurnalist.jpg\"><img loading=\"lazy\" decoding=\"async\" class=\"alignleft  wp-image-1291\" alt=\"turk jurnalist\" src=\"http:\/\/regionalhumanrights.org\/az\/wp-content\/uploads\/2014\/12\/turk-jurnalist.jpg\" width=\"224\" height=\"168\" srcset=\"http:\/\/regionalhumanrights.org\/az\/wp-content\/uploads\/2014\/12\/turk-jurnalist.jpg 280w, http:\/\/regionalhumanrights.org\/az\/wp-content\/uploads\/2014\/12\/turk-jurnalist-233x175.jpg 233w\" sizes=\"(max-width: 224px) 100vw, 224px\" \/><\/a>Mill\u0259t v\u0259kili Q\u0259nir\u0259 Pa\u015fayevan\u0131n ba\u015f\u00e7\u0131l\u0131q etdiyi \u201cAvrasiya Beyn\u0259lxalq Ara\u015fd\u0131rmalar \u0130nstitutu\u201d \u0130B-nin \u201cQaraba\u011fdan Anadoluya k\u00f6n\u00fcl k\u00f6rp\u00fcs\u00fc\u201d layih\u0259si \u00e7\u0259r\u00e7iv\u0259sind\u0259 Az\u0259rbaycanda s\u0259f\u0259rd\u0259 olan qarda\u015f T\u00fcrkiy\u0259nin GAP Q\u0259zet\u00e7il\u0259r Birliyinin ba\u015f\u00e7\u0131s\u0131 Zeynel Abidin K\u0131ymaz, GAP Q\u0259zet\u00e7il\u0259r Birliyinin \u00fczv\u00fc, \u201cRadyo-Tempo\u201dnun sahibi Hamit \u00d6zpolat, GAP Q\u0259zet\u00e7il\u0259r Birliyinin ba\u015f katibi F\u0259xr\u0259ddin \u00c7elik, GAP Q\u0259zet\u00e7il\u0259r Birliyinin idar\u0259 hey\u0259tinin \u00fczv\u00fc Mustafa Saim Ayxan, GAP Q\u0259zet\u00e7il\u0259r Birliyinin ba\u015f\u00e7\u0131s\u0131n\u0131n m\u00fcavini Durdu Mehmet Ta\u015f, \u201cKanal 35\u201d TV-nin yay\u0131n y\u00f6n\u0259tm\u0259ni Xalid Tun\u00e7, \u201cB\u0259yaz\u201d TV-nin &#8220;Dinamit&#8221; proqram\u0131n\u0131n apar\u0131c\u0131s\u0131 v\u0259 m\u00fc\u0259llifi Latif \u015eim\u015f\u0259k Atat\u00fcrk M\u0259rk\u0259zind\u0259 ke\u00e7iril\u0259n \u201cAz\u0259rbaycan h\u0259qiq\u0259tl\u0259rinin yay\u0131lmas\u0131nda t\u00fcrk d\u00fcnyas\u0131 m\u0259tbuat v\u0259 medias\u0131n\u0131n rolu v\u0259 v\u0259zif\u0259l\u0259ri\u201d adl\u0131 t\u0259dbird\u0259 i\u015ftirak edibl\u0259r.<!--more--><br \/>\nAPA-n\u0131n x\u0259b\u0259rin\u0259 g\u00f6r\u0259, konfransda ABA\u0130 \u0130B s\u0259dri, mill\u0259t v\u0259kili Q\u0259nir\u0259 Pa\u015fayeva, Atat\u00fcrk M\u0259rk\u0259zinin m\u00fcdiri, MM-in M\u0259d\u0259niyy\u0259t Komit\u0259sinin s\u0259dri, professor Nizami C\u0259f\u0259rov \u00e7\u0131x\u0131\u015f edibl\u0259r. Z. A. K\u0131ymaz, H. \u00d6zpolat, F. \u00c7elik, M. S. Ayxan, D. M. Ta\u015f, X. Tunc, L. \u015eim\u015f\u0259k Az\u0259rbaycanda olmaqdan v\u0259 \u00f6lk\u0259ni daha yax\u0131ndan tan\u0131maqdan m\u0259mnun qald\u0131qlar\u0131n\u0131 v\u0259 Az\u0259rbaycan\u0131 \u00f6zl\u0259rin\u0259 \u00e7ox do\u011fma hesab etdikl\u0259rini, burada \u00f6zl\u0259rini v\u0259t\u0259nd\u0259ki kimi hiss etdikl\u0259rini bildiribl\u0259r. Onlar Qaraba\u011f m\u00fcnaqi\u015f\u0259si v\u0259 konkret olaraq Xocal\u0131 soyq\u0131r\u0131m\u0131 bar\u0259d\u0259 h\u0259qiq\u0259tl\u0259rin daha geni\u015f tan\u0131d\u0131lmas\u0131 istiqam\u0259tind\u0259 s\u0259yl\u0259rini bundan sonra daha da art\u0131racaqlar\u0131n\u0131 v\u0259 bu s\u0259f\u0259rin onlar \u00fc\u00e7\u00fcn t\u0259cr\u00fcb\u0259 bax\u0131m\u0131ndan b\u00f6y\u00fck \u00f6n\u0259m da\u015f\u0131d\u0131\u011f\u0131n\u0131 deyibl\u0259r.<\/p>\n","protected":false},"excerpt":{"rendered":"<p>Mill\u0259t v\u0259kili Q\u0259nir\u0259 Pa\u015fayevan\u0131n ba\u015f\u00e7\u0131l\u0131q etdiyi \u201cAvrasiya Beyn\u0259lxalq Ara\u015fd\u0131rmalar \u0130nstitutu\u201d \u0130B-nin \u201cQaraba\u011fdan Anadoluya k\u00f6n\u00fcl k\u00f6rp\u00fcs\u00fc\u201d layih\u0259si \u00e7\u0259r\u00e7iv\u0259sind\u0259 Az\u0259rbaycanda s\u0259f\u0259rd\u0259 olan qarda\u015f T\u00fcrkiy\u0259nin GAP Q\u0259zet\u00e7il\u0259r Birliyinin ba\u015f\u00e7\u0131s\u0131 Zeynel Abidin K\u0131ymaz, GAP Q\u0259zet\u00e7il\u0259r Birliyinin \u00fczv\u00fc, \u201cRadyo-Tempo\u201dnun sahibi Hamit \u00d6zpolat, GAP Q\u0259zet\u00e7il\u0259r Birliyinin ba\u015f katibi F\u0259xr\u0259ddin \u00c7elik, GAP Q\u0259zet\u00e7il\u0259r Birliyinin idar\u0259 hey\u0259tinin \u00fczv\u00fc Mustafa Saim Ayxan, GAP Q\u0259zet\u00e7il\u0259r&#8230;<\/p>\n","protected":false},"author":1,"featured_media":0,"comment_status":"closed","ping_status":"closed","sticky":false,"template":"","format":"standard","meta":{"footnotes":""},"categories":[10],"tags":[],"_links":{"self":[{"href":"http:\/\/regionalhumanrights.org\/az\/index.php?rest_route=\/wp\/v2\/posts\/1290"}],"collection":[{"href":"http:\/\/regionalhumanrights.org\/az\/index.php?rest_route=\/wp\/v2\/posts"}],"about":[{"href":"http:\/\/regionalhumanrights.org\/az\/index.php?rest_route=\/wp\/v2\/types\/post"}],"author":[{"embeddable":true,"href":"http:\/\/regionalhumanrights.org\/az\/index.php?rest_route=\/wp\/v2\/users\/1"}],"replies":[{"embeddable":true,"href":"http:\/\/regionalhumanrights.org\/az\/index.php?rest_route=%2Fwp%2Fv2%2Fcomments&post=1290"}],"version-history":[{"count":1,"href":"http:\/\/regionalhumanrights.org\/az\/index.php?rest_route=\/wp\/v2\/posts\/1290\/revisions"}],"predecessor-version":[{"id":1292,"href":"http:\/\/regionalhumanrights.org\/az\/index.php?rest_route=\/wp\/v2\/posts\/1290\/revisions\/1292"}],"wp:attachment":[{"href":"http:\/\/regionalhumanrights.org\/az\/index.php?rest_route=%2Fwp%2Fv2%2Fmedia&parent=1290"}],"wp:term":[{"taxonomy":"category","embeddable":true,"href":"http:\/\/regionalhumanrights.org\/az\/index.php?rest_route=%2Fwp%2Fv2%2Fcategories&post=1290"},{"taxonomy":"post_tag","embeddable":true,"href":"http:\/\/regionalhumanrights.org\/az\/index.php?rest_route=%2Fwp%2Fv2%2Ftags&post=1290"}],"curies":[{"name":"wp","href":"https:\/\/api.w.org\/{rel}","templated":true}]}}