{"id":1485,"date":"2016-12-01T10:52:46","date_gmt":"2016-12-01T06:52:46","guid":{"rendered":"http:\/\/regionalhumanrights.org\/az\/?p=1485"},"modified":"2017-03-17T10:55:21","modified_gmt":"2017-03-17T06:55:21","slug":"s%c9%99rq-t%c9%99r%c9%99fdasligi-v%c9%99t%c9%99ndas-c%c9%99miyy%c9%99ti-forumunun-8-ci-illik-toplantisi","status":"publish","type":"post","link":"http:\/\/regionalhumanrights.org\/az\/?p=1485","title":{"rendered":"\u015e\u0259rq T\u0259r\u0259fda\u015fl\u0131\u011f\u0131 V\u0259t\u0259nda\u015f C\u0259miyy\u0259ti Forumunun 8-ci illik toplant\u0131s\u0131"},"content":{"rendered":"<p style=\"text-align: justify;\"><a href=\"http:\/\/regionalhumanrights.org\/az\/wp-content\/uploads\/2017\/03\/CSF.jpg\"><img loading=\"lazy\" decoding=\"async\" class=\"alignleft size-full wp-image-1486\" alt=\"CSF\" src=\"http:\/\/regionalhumanrights.org\/az\/wp-content\/uploads\/2017\/03\/CSF.jpg\" width=\"280\" height=\"187\" srcset=\"http:\/\/regionalhumanrights.org\/az\/wp-content\/uploads\/2017\/03\/CSF.jpg 280w, http:\/\/regionalhumanrights.org\/az\/wp-content\/uploads\/2017\/03\/CSF-262x175.jpg 262w\" sizes=\"(max-width: 280px) 100vw, 280px\" \/><\/a>28 -29 noyabr tarixl\u0259rind\u0259 Bel\u00e7ikan\u0131n paytaxt\u0131 Br\u00fcseld\u0259 \u015e\u0259rq T\u0259r\u0259fda\u015fl\u0131\u011f\u0131 V\u0259t\u0259nda\u015f C\u0259miyy\u0259ti Forumunun 8-ci illik \u00a0(EaP CSF2016) Forumu ke\u00e7irilib. Toplant\u0131da Az\u0259rbaycan\u0131 t\u0259msil ed\u0259n v\u0259t\u0259nda\u015f c\u0259miyy\u0259ti f\u0259allar\u0131 da i\u015ftirak edibl\u0259r. \u015e\u0259rq T\u0259r\u0259fda\u015fl\u0131\u011f\u0131 V\u0259t\u0259nda\u015f C\u0259miyy\u0259ti Forumunun 8-ci illik toplant\u0131s\u0131 \u201cOrtaq T\u0259hl\u00fck\u0259siz v\u0259 Demokratik G\u0259l\u0259c\u0259k Qurmaq\u201d \u015f\u00fcar\u0131 alt\u0131nda ke\u00e7irilib. Toplant\u0131da \u015e\u0259rq T\u0259r\u0259fda\u015fl\u0131\u011f\u0131 \u00f6lk\u0259l\u0259ri il\u0259 Avropa \u0130ttifaq\u0131 aras\u0131nda \u0259m\u0259kda\u015fl\u0131\u011f\u0131n m\u00fcxt\u0259lif sah\u0259l\u0259rini, o c\u00fcml\u0259d\u0259n v\u0259t\u0259nda\u015f c\u0259miyy\u0259tinin durumunu, enerji v\u0259 t\u0259hl\u00fck\u0259sizlik m\u0259s\u0259l\u0259l\u0259rind\u0259 \u0259m\u0259kda\u015fl\u0131q, g\u0259ncl\u0259rin inki\u015faf\u0131 v\u0259 t\u0259hsil proqramlar\u0131 da daxil olmaqla bir \u00e7ox sah\u0259ni \u0259hat\u0259 ed\u0259n geni\u015f m\u00fczakir\u0259l\u0259r apar\u0131l\u0131b. Bundan ba\u015fqa, \u015e\u0259rq T\u0259r\u0259fda\u015fl\u0131\u011f\u0131 V\u0259t\u0259nda\u015f C\u0259miyy\u0259ti Forumu \u00e7\u0259r\u00e7iv\u0259sind\u0259 realla\u015fd\u0131r\u0131lm\u0131\u015f m\u00fc\u0259yy\u0259n layih\u0259l\u0259rin n\u0259tic\u0259l\u0259rinin t\u0259qdimat\u0131 olub, n\u00f6vb\u0259ti il \u00fc\u00e7\u00fcn \u00f6lk\u0259 v\u0259 qrup koordinatorlar\u0131n\u0131n se\u00e7kil\u0259ri ba\u015f tutub.<\/p>\n","protected":false},"excerpt":{"rendered":"<p>28 -29 noyabr tarixl\u0259rind\u0259 Bel\u00e7ikan\u0131n paytaxt\u0131 Br\u00fcseld\u0259 \u015e\u0259rq T\u0259r\u0259fda\u015fl\u0131\u011f\u0131 V\u0259t\u0259nda\u015f C\u0259miyy\u0259ti Forumunun 8-ci illik \u00a0(EaP CSF2016) Forumu ke\u00e7irilib. Toplant\u0131da Az\u0259rbaycan\u0131 t\u0259msil ed\u0259n v\u0259t\u0259nda\u015f c\u0259miyy\u0259ti f\u0259allar\u0131 da i\u015ftirak edibl\u0259r. \u015e\u0259rq T\u0259r\u0259fda\u015fl\u0131\u011f\u0131 V\u0259t\u0259nda\u015f C\u0259miyy\u0259ti Forumunun 8-ci illik toplant\u0131s\u0131 \u201cOrtaq T\u0259hl\u00fck\u0259siz v\u0259 Demokratik G\u0259l\u0259c\u0259k Qurmaq\u201d \u015f\u00fcar\u0131 alt\u0131nda ke\u00e7irilib. Toplant\u0131da \u015e\u0259rq T\u0259r\u0259fda\u015fl\u0131\u011f\u0131 \u00f6lk\u0259l\u0259ri il\u0259 Avropa \u0130ttifaq\u0131 aras\u0131nda \u0259m\u0259kda\u015fl\u0131\u011f\u0131n m\u00fcxt\u0259lif&#8230;<\/p>\n","protected":false},"author":1,"featured_media":0,"comment_status":"closed","ping_status":"closed","sticky":false,"template":"","format":"standard","meta":{"footnotes":""},"categories":[13,8],"tags":[],"_links":{"self":[{"href":"http:\/\/regionalhumanrights.org\/az\/index.php?rest_route=\/wp\/v2\/posts\/1485"}],"collection":[{"href":"http:\/\/regionalhumanrights.org\/az\/index.php?rest_route=\/wp\/v2\/posts"}],"about":[{"href":"http:\/\/regionalhumanrights.org\/az\/index.php?rest_route=\/wp\/v2\/types\/post"}],"author":[{"embeddable":true,"href":"http:\/\/regionalhumanrights.org\/az\/index.php?rest_route=\/wp\/v2\/users\/1"}],"replies":[{"embeddable":true,"href":"http:\/\/regionalhumanrights.org\/az\/index.php?rest_route=%2Fwp%2Fv2%2Fcomments&post=1485"}],"version-history":[{"count":2,"href":"http:\/\/regionalhumanrights.org\/az\/index.php?rest_route=\/wp\/v2\/posts\/1485\/revisions"}],"predecessor-version":[{"id":1488,"href":"http:\/\/regionalhumanrights.org\/az\/index.php?rest_route=\/wp\/v2\/posts\/1485\/revisions\/1488"}],"wp:attachment":[{"href":"http:\/\/regionalhumanrights.org\/az\/index.php?rest_route=%2Fwp%2Fv2%2Fmedia&parent=1485"}],"wp:term":[{"taxonomy":"category","embeddable":true,"href":"http:\/\/regionalhumanrights.org\/az\/index.php?rest_route=%2Fwp%2Fv2%2Fcategories&post=1485"},{"taxonomy":"post_tag","embeddable":true,"href":"http:\/\/regionalhumanrights.org\/az\/index.php?rest_route=%2Fwp%2Fv2%2Ftags&post=1485"}],"curies":[{"name":"wp","href":"https:\/\/api.w.org\/{rel}","templated":true}]}}