{"id":1584,"date":"2017-08-09T13:33:57","date_gmt":"2017-08-09T08:33:57","guid":{"rendered":"http:\/\/regionalhumanrights.org\/az\/?p=1584"},"modified":"2017-08-09T13:33:57","modified_gmt":"2017-08-09T08:33:57","slug":"regionlarda-aciq-hokum%c9%99t-t%c9%99r%c9%99fdasligi-t%c9%99s%c9%99bbusu-il%c9%99-bagli-m%c9%99lumatlandirma-aparilacaq","status":"publish","type":"post","link":"http:\/\/regionalhumanrights.org\/az\/?p=1584","title":{"rendered":"Regionlarda A\u00e7\u0131q H\u00f6kum\u0259t T\u0259r\u0259fda\u015fl\u0131\u011f\u0131 T\u0259\u015f\u0259bb\u00fcs\u00fc il\u0259 ba\u011fl\u0131 m\u0259lumatland\u0131rma apar\u0131lacaq"},"content":{"rendered":"<p style=\"text-align: justify;\" align=\"center\"><a href=\"http:\/\/regionalhumanrights.org\/az\/wp-content\/uploads\/2016\/06\/DSC-0007-\u2014-\u043a\u043e\u043f\u0438\u044f.jpg\"><img loading=\"lazy\" decoding=\"async\" class=\"alignleft size-medium wp-image-1418\" alt=\"DSC-0007 \u2014 \u043a\u043e\u043f\u0438\u044f\" src=\"http:\/\/regionalhumanrights.org\/az\/wp-content\/uploads\/2016\/06\/DSC-0007-\u2014-\u043a\u043e\u043f\u0438\u044f-300x151.jpg\" width=\"300\" height=\"151\" srcset=\"http:\/\/regionalhumanrights.org\/az\/wp-content\/uploads\/2016\/06\/DSC-0007-\u2014-\u043a\u043e\u043f\u0438\u044f-300x151.jpg 300w, http:\/\/regionalhumanrights.org\/az\/wp-content\/uploads\/2016\/06\/DSC-0007-\u2014-\u043a\u043e\u043f\u0438\u044f-346x175.jpg 346w, http:\/\/regionalhumanrights.org\/az\/wp-content\/uploads\/2016\/06\/DSC-0007-\u2014-\u043a\u043e\u043f\u0438\u044f.jpg 950w\" sizes=\"(max-width: 300px) 100vw, 300px\" \/><\/a>Regional \u0130nsan H\u00fcquqlar\u0131 v\u0259 Media M\u0259rk\u0259zi yeni layih\u0259nin icras\u0131na ba\u015flay\u0131b. Az\u0259rbaycan Respublikas\u0131n\u0131n Prezidenti yan\u0131nda Qeyri-H\u00f6kum\u0259t T\u0259\u015fkilatlar\u0131na D\u00f6vl\u0259t D\u0259st\u0259yi \u015euras\u0131n\u0131n maliyy\u0259 d\u0259st\u0259yi verdiyi &#8220;A\u00e7\u0131q h\u00f6kum\u0259t&#8221;in t\u0259\u015fviqi v\u0259 elektron xidm\u0259tl\u0259rd\u0259n istifad\u0259nin art\u0131r\u0131lmas\u0131na d\u0259st\u0259yin t\u0259\u015fkili&#8221; layih\u0259si \u00fc\u00e7 ay m\u00fcdd\u0259tind\u0259 icra edil\u0259c\u0259k.<\/p>\n<p style=\"text-align: justify;\">T\u0259\u015fkilat\u0131n s\u0259dri Xalid Kaz\u0131movun s\u00f6zl\u0259rin\u0259 g\u00f6r\u0259, layih\u0259 \u00f6lk\u0259miz \u00fc\u00e7\u00fcn \u00f6n\u0259mli bir m\u0259s\u0259l\u0259 il\u0259 ba\u011fl\u0131d\u0131r: \u201cLayih\u0259nin m\u0259qs\u0259di respublikam\u0131zda m\u0259lumatland\u0131rma yolu il\u0259 Az\u0259rbaycanda A\u00e7\u0131q H\u00f6kum\u0259t T\u0259r\u0259fda\u015fl\u0131\u011f\u0131 T\u0259\u015f\u0259bb\u00fcs\u00fcn\u00fcn t\u0259tbiqin\u0259 d\u0259st\u0259k verilm\u0259si, elektron xidm\u0259tl\u0259rd\u0259n istifad\u0259 etm\u0259kd\u0259 \u00e7\u0259tinlikl\u0259 \u00fczl\u0259\u015f\u0259n region sakinl\u0259rin\u0259\u00a0 xidm\u0259td\u0259n yararlanmaq imkanlar\u0131n\u0131n yarad\u0131lmas\u0131d\u0131r. Az\u0259rbaycan da t\u0259\u015f\u0259bb\u00fcs\u0259 qo\u015fulan ilk \u00f6lk\u0259l\u0259rd\u0259n biridir. Haz\u0131rda 75-d\u0259n art\u0131q \u00f6lk\u0259 t\u0259\u015f\u0259bb\u00fcs\u00fc d\u0259st\u0259kl\u0259yir. Az\u0259rbaycan 2011-ci ild\u0259n A\u00e7\u0131q H\u00f6kum\u0259t T\u0259\u015f\u0259bb\u00fcs\u00fcn\u00fcn d\u0259st\u0259kl\u0259diyini b\u0259yan edib. 2016-c\u0131 ilin may\u0131n 4-d\u0259 Az\u0259rbycan\u0131n statusu m\u00fcv\u0259qq\u0259ti dondurulsa da, \u00f6lk\u0259miz prosesi davam etdir\u0259c\u0259yini b\u0259yan edib. Az\u0259rbaycanla ba\u011fl\u0131 m\u0259s\u0259l\u0259 bu il iyunun 28-d\u0259 Va\u015finqtonda A\u00e7\u0131q H\u00f6kum\u0259t T\u0259r\u0259fda\u015fl\u0131\u011f\u0131 t\u0259\u015f\u0259bb\u00fcs\u00fcn\u00fcn R\u0259hb\u0259r Komit\u0259si t\u0259r\u0259find\u0259n m\u00fczakir\u0259 edilib. M\u00fczakir\u0259l\u0259r zaman\u0131 Az\u0259rbaycan\u0131n son 1 il \u0259rzind\u0259 \u00f6hd\u0259likl\u0259r\u0259 nec\u0259 \u0259m\u0259l etm\u0259si il\u0259 ba\u011fl\u0131 m\u00fczakir\u0259l\u0259r apar\u0131l\u0131b. Az\u0259rbaycanda m\u00fcsb\u0259t d\u0259yi\u015fiklikl\u0259r istiqam\u0259tind\u0259 at\u0131lm\u0131\u015f add\u0131mlar alq\u0131\u015flan\u0131b. Bununla bel\u0259 probleml\u0259r tam h\u0259ll edilm\u0259diyind\u0259n Az\u0259rbaycan\u0131n statusunun &#8220;qeyri-aktiv&#8221; elan edilm\u0259si il\u0259 ba\u011fl\u0131 q\u0259rar\u0131n m\u00fcdd\u0259ti daha 1 il m\u00fcdd\u0259tin\u0259 art\u0131r\u0131l\u0131b&#8221;.<\/p>\n<p style=\"text-align: justify;\">X.Kaz\u0131mov deyir ki, \u00f6t\u0259n m\u00fcdd\u0259td\u0259 Az\u0259rbaycanda A\u00e7\u0131q H\u00f6kum\u0259t T\u0259r\u0259fda\u015fl\u0131\u011f\u0131 T\u0259\u015f\u0259bb\u00fcs\u00fcn\u00fcn t\u0259tbiqi istiqam\u0259tind\u0259 ciddi add\u0131mlar at\u0131l\u0131b: \u201cA\u00e7\u0131q h\u00f6kum\u0259tin t\u0259\u015fviqin\u0259 dair 2016-2018-ci ill\u0259r \u00fc\u00e7\u00fcn Milli F\u0259aliyy\u0259t Plan\u0131\u201d q\u0259bul edilib. \u015e\u0259ffafl\u0131\u011f\u0131n t\u0259min olunmas\u0131, m\u0259mur-v\u0259t\u0259nda\u015f t\u0259maslar\u0131n\u0131n aradan qald\u0131r\u0131lmas\u0131na yard\u0131m ed\u0259n elektron xidm\u0259tl\u0259rin say\u0131 art\u0131r\u0131l\u0131b. Plan 11 istiqam\u0259t \u00fczr\u0259 qrupla\u015fd\u0131r\u0131lm\u0131\u015f 59\u00a0 t\u0259dbiri \u0259hat\u0259 edir.\u00a0 Art\u0131q f\u0259aliyy\u0259t plan\u0131nda n\u0259z\u0259rd\u0259 tutulan t\u0259dbirl\u0259rin xeyli hiss\u0259si icra edilib. Eyni zamanda yax\u0131n zamanlarda f\u0259aliyy\u0259t plan\u0131n\u0131n monitorinqi h\u0259yata ke\u00e7iril\u0259c\u0259k&#8221;.<\/p>\n<p style=\"text-align: justify;\">X.Kaz\u0131movun s\u00f6zl\u0259rin\u0259 g\u00f6r\u0259, Regional \u0130nsan H\u00fcquqlar\u0131 v\u0259 Media M\u0259rk\u0259zi d\u0259 &#8220;A\u00e7\u0131q h\u00f6kum\u0259t&#8221;in t\u0259\u015fviqi v\u0259 elektron xidm\u0259tl\u0259rd\u0259n istifad\u0259nin geni\u015fl\u0259ndirilm\u0259si istiqam\u0259td\u0259 apar\u0131lan i\u015fl\u0259r\u0259 ictimai d\u0259st\u0259k ver\u0259c\u0259k: &#8220;\u0130cra ed\u0259c\u0259yimiz layih\u0259 \u00e7\u0259r\u00e7iv\u0259sind\u0259 &#8220;A\u00e7\u0131q h\u00f6kum\u0259t&#8221;in t\u0259\u015fviqi v\u0259 elektron xidm\u0259tl\u0259rd\u0259n istifad\u0259nin geni\u015fl\u0259ndirilm\u0259si \u00fc\u00e7\u00fcn region sakinl\u0259rinin bu sah\u0259d\u0259 m\u0259lumatland\u0131r\u0131lmas\u0131, xidm\u0259tl\u0259r\u0259 \u00e7\u0131x\u0131\u015f imkan\u0131 olmayanlara texniki d\u0259st\u0259k g\u00f6st\u0259rilm\u0259sini n\u0259z\u0259rd\u0259 tutur. Eyni zamanda A\u00e7\u0131q H\u00f6kum\u0259t T\u0259r\u0259fda\u015fl\u0131\u011f\u0131 T\u0259\u015f\u0259bb\u00fcs\u00fcn\u00fc d\u0259st\u0259kl\u0259y\u0259n \u00f6lk\u0259l\u0259r \u00fc\u00e7\u00fcn \u00f6n\u0259mli olan meyarlar\u0131n m\u00fczakir\u0259 olundu\u011fu h\u0259r biri 30 d\u0259qiq\u0259lik 4 televiziya verili\u015fi haz\u0131rlanaraq yay\u0131mlanacaq. H\u0259m\u00e7inin, T\u0259rt\u0259r v\u0259 A\u011fcab\u0259di rayonlar\u0131n\u0131n h\u0259r birind\u0259 25 n\u0259f\u0259rin i\u015ftirak\u0131 il\u0259 m\u0259lumatland\u0131rma sessiyas\u0131 ke\u00e7iril\u0259c\u0259k. \u0130\u015ftirak\u00e7\u0131lara A\u00e7\u0131q H\u00f6kum\u0259t T\u0259r\u0259fda\u015fl\u0131\u011f\u0131 T\u0259\u015f\u0259bb\u00fcs\u00fc, T\u0259\u015f\u0259bb\u00fcs\u00fcn Az\u0259rbaycanda\u00a0 t\u0259tbiqinin c\u0259miyy\u0259t \u00fc\u00e7\u00fcn \u0259h\u0259miyy\u0259ti, AHT t\u0259\u015f\u0259bb\u00fcs\u00fcn\u00fcn al\u0259tl\u0259rind\u0259n olan elektron xidm\u0259tl\u0259rl\u0259 ba\u011fl\u0131 m\u0259lumat veril\u0259c\u0259k. T\u0259dbir i\u015ftirak\u00e7\u0131lar\u0131na d\u00f6vl\u0259t v\u0259 ictimai xidm\u0259t g\u00f6st\u0259r\u0259n qurumlar\u0131n\u0131n \u00abElektron h\u00f6kum\u0259t portal\u0131\u00bb v\u0259 \u00f6z internet s\u0259hif\u0259l\u0259ri vasit\u0259si il\u0259 g\u00f6st\u0259rdikl\u0259ri elektron xidm\u0259tl\u0259r v\u0259 onlardan istifad\u0259 il\u0259 ba\u011fl\u0131 h\u0259m d\u0259 t\u0259cr\u00fcbi bilgi veril\u0259c\u0259k&#8221;.<\/p>\n","protected":false},"excerpt":{"rendered":"<p>Regional \u0130nsan H\u00fcquqlar\u0131 v\u0259 Media M\u0259rk\u0259zi yeni layih\u0259nin icras\u0131na ba\u015flay\u0131b. Az\u0259rbaycan Respublikas\u0131n\u0131n Prezidenti yan\u0131nda Qeyri-H\u00f6kum\u0259t T\u0259\u015fkilatlar\u0131na D\u00f6vl\u0259t D\u0259st\u0259yi \u015euras\u0131n\u0131n maliyy\u0259 d\u0259st\u0259yi verdiyi &#8220;A\u00e7\u0131q h\u00f6kum\u0259t&#8221;in t\u0259\u015fviqi v\u0259 elektron xidm\u0259tl\u0259rd\u0259n istifad\u0259nin art\u0131r\u0131lmas\u0131na d\u0259st\u0259yin t\u0259\u015fkili&#8221; layih\u0259si \u00fc\u00e7 ay m\u00fcdd\u0259tind\u0259 icra edil\u0259c\u0259k. T\u0259\u015fkilat\u0131n s\u0259dri Xalid Kaz\u0131movun s\u00f6zl\u0259rin\u0259 g\u00f6r\u0259, layih\u0259 \u00f6lk\u0259miz \u00fc\u00e7\u00fcn \u00f6n\u0259mli bir m\u0259s\u0259l\u0259 il\u0259 ba\u011fl\u0131d\u0131r: \u201cLayih\u0259nin m\u0259qs\u0259di respublikam\u0131zda&#8230;<\/p>\n","protected":false},"author":1,"featured_media":0,"comment_status":"closed","ping_status":"closed","sticky":false,"template":"","format":"standard","meta":{"footnotes":""},"categories":[11,13],"tags":[],"_links":{"self":[{"href":"http:\/\/regionalhumanrights.org\/az\/index.php?rest_route=\/wp\/v2\/posts\/1584"}],"collection":[{"href":"http:\/\/regionalhumanrights.org\/az\/index.php?rest_route=\/wp\/v2\/posts"}],"about":[{"href":"http:\/\/regionalhumanrights.org\/az\/index.php?rest_route=\/wp\/v2\/types\/post"}],"author":[{"embeddable":true,"href":"http:\/\/regionalhumanrights.org\/az\/index.php?rest_route=\/wp\/v2\/users\/1"}],"replies":[{"embeddable":true,"href":"http:\/\/regionalhumanrights.org\/az\/index.php?rest_route=%2Fwp%2Fv2%2Fcomments&post=1584"}],"version-history":[{"count":2,"href":"http:\/\/regionalhumanrights.org\/az\/index.php?rest_route=\/wp\/v2\/posts\/1584\/revisions"}],"predecessor-version":[{"id":1586,"href":"http:\/\/regionalhumanrights.org\/az\/index.php?rest_route=\/wp\/v2\/posts\/1584\/revisions\/1586"}],"wp:attachment":[{"href":"http:\/\/regionalhumanrights.org\/az\/index.php?rest_route=%2Fwp%2Fv2%2Fmedia&parent=1584"}],"wp:term":[{"taxonomy":"category","embeddable":true,"href":"http:\/\/regionalhumanrights.org\/az\/index.php?rest_route=%2Fwp%2Fv2%2Fcategories&post=1584"},{"taxonomy":"post_tag","embeddable":true,"href":"http:\/\/regionalhumanrights.org\/az\/index.php?rest_route=%2Fwp%2Fv2%2Ftags&post=1584"}],"curies":[{"name":"wp","href":"https:\/\/api.w.org\/{rel}","templated":true}]}}