{"id":1623,"date":"2017-09-11T13:47:31","date_gmt":"2017-09-11T08:47:31","guid":{"rendered":"http:\/\/regionalhumanrights.org\/az\/?p=1623"},"modified":"2017-09-11T22:50:26","modified_gmt":"2017-09-11T17:50:26","slug":"mehman-%c9%99liyev-h%c9%99bsd%c9%99n-azad-edilib","status":"publish","type":"post","link":"http:\/\/regionalhumanrights.org\/az\/?p=1623","title":{"rendered":"Mehman \u018fliyev h\u0259bsd\u0259n azad edilib"},"content":{"rendered":"<p style=\"text-align: justify;\"><a href=\"http:\/\/regionalhumanrights.org\/az\/wp-content\/uploads\/2017\/09\/mehman-aliyev.jpg\"><img loading=\"lazy\" decoding=\"async\" class=\"alignleft size-medium wp-image-1624\" alt=\"mehman aliyev\" src=\"http:\/\/regionalhumanrights.org\/az\/wp-content\/uploads\/2017\/09\/mehman-aliyev-300x168.jpg\" width=\"300\" height=\"168\" srcset=\"http:\/\/regionalhumanrights.org\/az\/wp-content\/uploads\/2017\/09\/mehman-aliyev-300x168.jpg 300w, http:\/\/regionalhumanrights.org\/az\/wp-content\/uploads\/2017\/09\/mehman-aliyev-311x175.jpg 311w, http:\/\/regionalhumanrights.org\/az\/wp-content\/uploads\/2017\/09\/mehman-aliyev.jpg 1023w\" sizes=\"(max-width: 300px) 100vw, 300px\" \/><\/a>&#8220;Turan&#8221; \u0130nformasiya Agentliyinin direktoru Mehman \u018fliyev h\u0259bsd\u0259n burax\u0131l\u0131b. M\u0259hk\u0259m\u0259nin bu g\u00fcn ke\u00e7iril\u0259n iclas\u0131nda onun bar\u0259sind\u0259 h\u0259bs q\u0259timkan q\u0259rar\u0131 d\u0259yi\u015fdirilib.<\/p>\n<p style=\"text-align: justify;\">V\u0259kil Fuad A\u011fayev APA-ya bildirib ki, Yasamal Rayon M\u0259hk\u0259m\u0259si Mehman \u018fliyevin bar\u0259sind\u0259 olan h\u0259bs q\u0259timkan t\u0259dbirinin ba\u015fqa yer\u0259 getm\u0259m\u0259k haqda iltizam t\u0259dbiri il\u0259 \u0259v\u0259z olunmas\u0131 bar\u0259d\u0259 v\u0259sat\u0259ti t\u0259min edib.<\/p>\n<p style=\"text-align: justify;\">M. \u018fliyev prosesd\u0259n \u00e7\u0131xandan sonra jurnalistl\u0259r\u0259 a\u00e7\u0131qlamas\u0131nda Az\u0259rbaycan prezidenti \u0130lham \u018fliyev\u0259 m\u00fcraci\u0259t etdiyini, m\u00fcraci\u0259tind\u0259 agentliyin f\u0259aliyy\u0259tini xat\u0131rlatd\u0131\u011f\u0131n\u0131, bar\u0259sind\u0259 qald\u0131r\u0131lm\u0131\u015f cinay\u0259t i\u015fi il\u0259 ba\u011fl\u0131 istintaqdan yay\u0131nmad\u0131\u011f\u0131n\u0131, h\u0259bs q\u0259rar\u0131n\u0131n d\u0259yi\u015fdirilm\u0259sini xahi\u015f etdiyini bildirib.<\/p>\n<p style=\"text-align: justify;\">M. \u018fliyev h\u0259bsd\u0259 saxland\u0131\u011f\u0131 yerd\u0259 ona normal m\u00fcnasib\u0259t g\u00f6st\u0259rildiyini d\u0259 qeyd edib.<\/p>\n<p style=\"text-align: justify;\">Qeyd ed\u0259k ki, Mehman \u018fliyev bar\u0259sind\u0259 se\u00e7ilmi\u015f h\u0259bs q\u0259timkan t\u0259dbirinin ev dustaql\u0131\u011f\u0131 il\u0259 \u0259v\u0259z olunmas\u0131 \u00fc\u00e7\u00fcn Az\u0259rbaycan Respublikas\u0131n\u0131n Prezidenti \u0130lham \u018fliyev\u0259 m\u00fcraci\u0259t edib.<\/p>\n<p style=\"text-align: justify;\">Qazax\u0131standan qay\u0131dandan sonra prezident \u0130lham \u018fliyev\u0259 m\u0259s\u0259l\u0259 il\u0259 ba\u011fl\u0131 m\u0259ruz\u0259 olunub. Az\u0259rbaycan Prezidenti h\u00fcquq-m\u00fchafiz\u0259 orqanlar\u0131na Mehman \u018fliyevin m\u00fcraci\u0259tin\u0259 bax\u0131lmas\u0131n\u0131 tap\u015f\u0131r\u0131b.<\/p>\n<p style=\"text-align: justify;\">Mehman \u018fliyev bar\u0259sind\u0259 Cinay\u0259t M\u0259c\u0259ll\u0259sinin 192.2-ci (qanunsuz sahibkarl\u0131q), 213.1-ci (vergi \u00f6d\u0259m\u0259kd\u0259n yay\u0131nma) v\u0259 308-ci (v\u0259zif\u0259 s\u0259lahiyy\u0259tl\u0259rind\u0259n sui-istifad\u0259) madd\u0259l\u0259ri \u00fczr\u0259 cinay\u0259t i\u015fi ba\u015flan\u0131b.<\/p>\n","protected":false},"excerpt":{"rendered":"<p>&#8220;Turan&#8221; \u0130nformasiya Agentliyinin direktoru Mehman \u018fliyev h\u0259bsd\u0259n burax\u0131l\u0131b. M\u0259hk\u0259m\u0259nin bu g\u00fcn ke\u00e7iril\u0259n iclas\u0131nda onun bar\u0259sind\u0259 h\u0259bs q\u0259timkan q\u0259rar\u0131 d\u0259yi\u015fdirilib. V\u0259kil Fuad A\u011fayev APA-ya bildirib ki, Yasamal Rayon M\u0259hk\u0259m\u0259si Mehman \u018fliyevin bar\u0259sind\u0259 olan h\u0259bs q\u0259timkan t\u0259dbirinin ba\u015fqa yer\u0259 getm\u0259m\u0259k haqda iltizam t\u0259dbiri il\u0259 \u0259v\u0259z olunmas\u0131 bar\u0259d\u0259 v\u0259sat\u0259ti t\u0259min edib. M. \u018fliyev prosesd\u0259n \u00e7\u0131xandan sonra jurnalistl\u0259r\u0259 a\u00e7\u0131qlamas\u0131nda&#8230;<\/p>\n","protected":false},"author":1,"featured_media":0,"comment_status":"closed","ping_status":"closed","sticky":false,"template":"","format":"standard","meta":{"footnotes":""},"categories":[10,13],"tags":[],"_links":{"self":[{"href":"http:\/\/regionalhumanrights.org\/az\/index.php?rest_route=\/wp\/v2\/posts\/1623"}],"collection":[{"href":"http:\/\/regionalhumanrights.org\/az\/index.php?rest_route=\/wp\/v2\/posts"}],"about":[{"href":"http:\/\/regionalhumanrights.org\/az\/index.php?rest_route=\/wp\/v2\/types\/post"}],"author":[{"embeddable":true,"href":"http:\/\/regionalhumanrights.org\/az\/index.php?rest_route=\/wp\/v2\/users\/1"}],"replies":[{"embeddable":true,"href":"http:\/\/regionalhumanrights.org\/az\/index.php?rest_route=%2Fwp%2Fv2%2Fcomments&post=1623"}],"version-history":[{"count":3,"href":"http:\/\/regionalhumanrights.org\/az\/index.php?rest_route=\/wp\/v2\/posts\/1623\/revisions"}],"predecessor-version":[{"id":1627,"href":"http:\/\/regionalhumanrights.org\/az\/index.php?rest_route=\/wp\/v2\/posts\/1623\/revisions\/1627"}],"wp:attachment":[{"href":"http:\/\/regionalhumanrights.org\/az\/index.php?rest_route=%2Fwp%2Fv2%2Fmedia&parent=1623"}],"wp:term":[{"taxonomy":"category","embeddable":true,"href":"http:\/\/regionalhumanrights.org\/az\/index.php?rest_route=%2Fwp%2Fv2%2Fcategories&post=1623"},{"taxonomy":"post_tag","embeddable":true,"href":"http:\/\/regionalhumanrights.org\/az\/index.php?rest_route=%2Fwp%2Fv2%2Ftags&post=1623"}],"curies":[{"name":"wp","href":"https:\/\/api.w.org\/{rel}","templated":true}]}}