{"id":2226,"date":"2023-07-10T09:54:00","date_gmt":"2023-07-10T05:54:00","guid":{"rendered":"https:\/\/regionalhumanrights.org\/az\/?p=2226"},"modified":"2023-07-10T11:55:17","modified_gmt":"2023-07-10T07:55:17","slug":"baslibeld%c9%99-tor%c9%99tdil%c9%99n-muharib%c9%99-cinay%c9%99tl%c9%99ri-il%c9%99-bagli-ingilis-dilind%c9%99-hesabat-hazirlancaq","status":"publish","type":"post","link":"http:\/\/regionalhumanrights.org\/az\/?p=2226","title":{"rendered":"Ba\u015fl\u0131beld\u0259 t\u00f6r\u0259tdil\u0259n m\u00fcharib\u0259 cinay\u0259tl\u0259ri il\u0259 ba\u011fl\u0131 ingilis dilind\u0259 hesabat haz\u0131rlancaq"},"content":{"rendered":"\n<p>\u201cRegional \u0130nsan H\u00fcquqlar\u0131 v\u0259 Media M\u0259rk\u0259zi\u201d \u0130ctimai Birliyi Erm\u0259nistan\u0131n Az\u0259rbaycan xalq\u0131na qar\u015f\u0131 t\u00f6r\u0259tdiyi m\u00fcharib\u0259 cinay\u0259tl\u0259rinin beyn\u0259lxalq ictimaiyy\u0259t\u0259 tan\u0131d\u0131lmas\u0131 istiqam\u0259tind\u0259 yeni layih\u0259nin icras\u0131na ba\u015flay\u0131b.<\/p>\n\n\n\n<p>T\u0259\u015fkilat\u0131n s\u0259dri Xalid Kaz\u0131movun s\u00f6zl\u0259rin\u0259 g\u00f6r\u0259, <strong>\u201c<\/strong><strong>Erm\u0259nistan\u0131n Ba\u015fl\u0131beld\u0259 t\u00f6r\u0259tdiyi m\u00fcharib\u0259 cinay\u0259tl\u0259ri il\u0259 ba\u011fl\u0131 <\/strong>beyn\u0259lxalq t\u0259\u015fkilatlar \u00fc\u00e7\u00fcn hesabat haz\u0131rlanmas\u0131\u201d layih\u0259sinin \u0259sas m\u0259qs\u0259di <strong>Erm\u0259nistan\u0131n Ba\u015fl\u0131beld\u0259 t\u00f6r\u0259tdiyi m\u00fcharib\u0259 cinay\u0259tl\u0259ri il\u0259 ba\u011fl\u0131 ingilis dilind\u0259 hesabat haz\u0131rlanaraq <\/strong>beyn\u0259lxalq t\u0259\u015fkilatlar\u0131n m\u0259lumatland\u0131r\u0131lmas\u0131d\u0131r: \u201cLayih\u0259 Az\u0259rbaycan Respublikas\u0131n\u0131n Qeyri-H\u00f6kum\u0259t T\u0259\u015fkilatlar\u0131na D\u00f6vl\u0259t D\u0259st\u0259yi Agentliyinin d\u0259st\u0259yi il\u0259 icra olunur. Layih\u0259 \u00e7\u0259r\u00e7iv\u0259sind\u0259 Erm\u0259nistan Silahl\u0131 Q\u00fcvv\u0259l\u0259rinin K\u0259lb\u0259c\u0259r rayonunun i\u015f\u011fal\u0131 zaman\u0131 1993-c\u00fc ilin 02 aprel &#8211; 18 aprel tarixl\u0259rind\u0259 do\u011fma torpaqlar\u0131n\u0131 t\u0259rk etm\u0259y\u0259n Ba\u015fl\u0131bel sakinl\u0259rin\u0259 qar\u015f\u0131 t\u00f6r\u0259tdiyi q\u0259tliamla ba\u011fl\u0131 faktlar, k\u0259nd sakinl\u0259rin\u0259 vurulan maddi v\u0259 m\u0259n\u0259vi z\u0259r\u0259r, Ba\u015fl\u0131bel k\u0259ndi \u0259razisind\u0259ki tarixi v\u0259 m\u0259d\u0259ni abid\u0259l\u0259r\u0259 qar\u015f\u0131 vandalizm h\u0259r\u0259k\u0259tl\u0259ri bar\u0259d\u0259 m\u0259lumat v\u0259 fotolar\u0131n \u0259ks olundu\u011fu hesabat haz\u0131rlanacaq.<\/p>\n\n\n\n<p>Haz\u0131rlanan hesabat \u0130ngilis dilin\u0259 t\u0259rc\u00fcm\u0259 edil\u0259c\u0259k. Hesabat Bak\u0131 \u015f\u0259h\u0259rind\u0259 ke\u00e7iril\u0259n Az\u0259rbaycanda f\u0259aliyy\u0259t g\u00f6st\u0259r\u0259n beyn\u0259lxalq t\u0259\u015fkilatlar\u0131n, s\u0259firlikl\u0259rin, Az\u0259rbaycan\u0131n d\u00f6vl\u0259t qurumlar\u0131n\u0131n, Qeyri-H\u00f6kum\u0259t T\u0259\u015fkilatlar\u0131n\u0131n v\u0259 Ba\u015fl\u0131beld\u0259 t\u00f6r\u0259dil\u0259n q\u0259tliam\u0131n canl\u0131 \u015fahidl\u0259rinin i\u015ftirak etdiyi t\u0259dbird\u0259 ictimaiyy\u0259t\u0259 t\u0259qdim olunacaq. Haz\u0131rlanan hesabat\u0131n elektron versiyas\u0131n\u0131n Birl\u0259\u015fmi\u015f Mill\u0259tl\u0259r T\u0259\u015fkilat\u0131, BMT-nin \u0130nsan H\u00fcquqlar\u0131 \u00fczr\u0259 Ali Komissarl\u0131\u011f\u0131, AT\u018fT, Avropa Birliyi, Avropa \u015euras\u0131 v\u0259 insan h\u00fcquqlar\u0131 il\u0259 m\u0259\u015f\u011ful olan dig\u0259r beyn\u0259lxalq t\u0259\u015fkilatlara g\u00f6nd\u0259rilm\u0259si n\u0259z\u0259rd\u0259 tutulur\u201d.<strong><\/strong><\/p>\n\n\n\n<p><strong>T\u0259\u015fkilat r\u0259hb\u0259rinin s\u00f6zl\u0259rin\u0259 g\u00f6r\u0259, layih\u0259nin icras\u0131 Ba\u015fl\u0131bel faci\u0259sinin 30-cu ild\u00f6n\u00fcm\u00fc \u0259r\u0259f\u0259sind\u0259 Erm\u0259nistan\u0131n Ba\u015fl\u0131beld\u0259 t\u00f6r\u0259tdiyi m\u00fcharib\u0259 cinay\u0259tl\u0259ri il\u0259 ba\u011fl\u0131 faktlar\u0131n d\u00fcnya ictimaiyy\u0259tin\u0259 \u00e7atd\u0131r\u0131lmas\u0131nda m\u00fch\u00fcm rol oynaya bil\u0259r.<\/strong><\/p>\n","protected":false},"excerpt":{"rendered":"<p>\u201cRegional \u0130nsan H\u00fcquqlar\u0131 v\u0259 Media M\u0259rk\u0259zi\u201d \u0130ctimai Birliyi Erm\u0259nistan\u0131n Az\u0259rbaycan xalq\u0131na qar\u015f\u0131 t\u00f6r\u0259tdiyi m\u00fcharib\u0259 cinay\u0259tl\u0259rinin beyn\u0259lxalq ictimaiyy\u0259t\u0259 tan\u0131d\u0131lmas\u0131 istiqam\u0259tind\u0259 yeni layih\u0259nin icras\u0131na ba\u015flay\u0131b. T\u0259\u015fkilat\u0131n s\u0259dri Xalid Kaz\u0131movun s\u00f6zl\u0259rin\u0259 g\u00f6r\u0259, \u201cErm\u0259nistan\u0131n Ba\u015fl\u0131beld\u0259 t\u00f6r\u0259tdiyi m\u00fcharib\u0259 cinay\u0259tl\u0259ri il\u0259 ba\u011fl\u0131 beyn\u0259lxalq t\u0259\u015fkilatlar \u00fc\u00e7\u00fcn hesabat haz\u0131rlanmas\u0131\u201d layih\u0259sinin \u0259sas m\u0259qs\u0259di Erm\u0259nistan\u0131n Ba\u015fl\u0131beld\u0259 t\u00f6r\u0259tdiyi m\u00fcharib\u0259 cinay\u0259tl\u0259ri il\u0259 ba\u011fl\u0131 ingilis dilind\u0259 hesabat haz\u0131rlanaraq&#8230;<\/p>\n","protected":false},"author":3,"featured_media":2227,"comment_status":"closed","ping_status":"closed","sticky":false,"template":"","format":"standard","meta":{"footnotes":""},"categories":[11,13],"tags":[],"_links":{"self":[{"href":"http:\/\/regionalhumanrights.org\/az\/index.php?rest_route=\/wp\/v2\/posts\/2226"}],"collection":[{"href":"http:\/\/regionalhumanrights.org\/az\/index.php?rest_route=\/wp\/v2\/posts"}],"about":[{"href":"http:\/\/regionalhumanrights.org\/az\/index.php?rest_route=\/wp\/v2\/types\/post"}],"author":[{"embeddable":true,"href":"http:\/\/regionalhumanrights.org\/az\/index.php?rest_route=\/wp\/v2\/users\/3"}],"replies":[{"embeddable":true,"href":"http:\/\/regionalhumanrights.org\/az\/index.php?rest_route=%2Fwp%2Fv2%2Fcomments&post=2226"}],"version-history":[{"count":1,"href":"http:\/\/regionalhumanrights.org\/az\/index.php?rest_route=\/wp\/v2\/posts\/2226\/revisions"}],"predecessor-version":[{"id":2228,"href":"http:\/\/regionalhumanrights.org\/az\/index.php?rest_route=\/wp\/v2\/posts\/2226\/revisions\/2228"}],"wp:featuredmedia":[{"embeddable":true,"href":"http:\/\/regionalhumanrights.org\/az\/index.php?rest_route=\/wp\/v2\/media\/2227"}],"wp:attachment":[{"href":"http:\/\/regionalhumanrights.org\/az\/index.php?rest_route=%2Fwp%2Fv2%2Fmedia&parent=2226"}],"wp:term":[{"taxonomy":"category","embeddable":true,"href":"http:\/\/regionalhumanrights.org\/az\/index.php?rest_route=%2Fwp%2Fv2%2Fcategories&post=2226"},{"taxonomy":"post_tag","embeddable":true,"href":"http:\/\/regionalhumanrights.org\/az\/index.php?rest_route=%2Fwp%2Fv2%2Ftags&post=2226"}],"curies":[{"name":"wp","href":"https:\/\/api.w.org\/{rel}","templated":true}]}}