{"id":2229,"date":"2023-07-05T23:59:00","date_gmt":"2023-07-05T19:59:00","guid":{"rendered":"https:\/\/regionalhumanrights.org\/az\/?p=2229"},"modified":"2023-07-23T22:45:48","modified_gmt":"2023-07-23T18:45:48","slug":"goranboyda-14-n%c9%99f%c9%99r%c9%99-huquqi-xidm%c9%99t-gost%c9%99rilib","status":"publish","type":"post","link":"http:\/\/regionalhumanrights.org\/az\/?p=2229","title":{"rendered":"Goranboyda 14 n\u0259f\u0259r\u0259 h\u00fcquq xidm\u0259ti g\u00f6st\u0259rilib"},"content":{"rendered":"\n<p>Regional \u0130nsan H\u00fcquqlar\u0131 v\u0259 Media M\u0259rk\u0259zi Goranboy rayonunda h\u0259ssas qrupdan olan \u015f\u0259xsl\u0259r\u0259 h\u00fcquqi konsultasiya xidm\u0259ti g\u00f6st\u0259rib. T\u0259\u015fkilat\u0131n icra etdiyi \u201cH\u0259ssas v\u0259ziyy\u0259td\u0259 olan qruplardan olan insanlara h\u00fcquqi d\u0259st\u0259k\u201d layih\u0259si \u00e7\u0259r\u00e7iv\u0259sind\u0259 ke\u00e7iril\u0259n v\u0259t\u0259nda\u015f q\u0259bulu Goranboy rayonunda apar\u0131l\u0131b.<\/p>\n\n\n\n<p>Layih\u0259 r\u0259hb\u0259ri Xalid Kaz\u0131mov layih\u0259 v\u0259 donor t\u0259\u015fkilat haqq\u0131nda i\u015ftirak\u00e7\u0131lara m\u0259lumat verib.<\/p>\n\n\n\n<p>X.Kaz\u0131mov qeyd edib ki, layih\u0259 \u00e7\u0259r\u00e7iv\u0259sind\u0259 B\u0259rd\u0259, T\u0259rt\u0259r, A\u011fdam, A\u011fcab\u0259di v\u0259 Naftalanda h\u0259ssas qruplardan olan \u015f\u0259xsl\u0259rl\u0259 g\u00f6r\u00fc\u015f ke\u00e7iril\u0259r\u0259k onlara h\u00fcquqi konsultasiya xidm\u0259ti g\u00f6st\u0259rilib.<\/p>\n\n\n\n<p>Daha sonra layih\u0259nin h\u00fcquq\u015f\u00fcnas\u0131 Araz Nurm\u0259mm\u0259dov t\u0259r\u0259find\u0259n m\u00fcraci\u0259t ed\u0259n 14 n\u0259f\u0259r h\u00fcquqi konsultasiya xidm\u0259ti g\u00f6st\u0259rilib. V\u0259t\u0259nda\u015flar \u00fcmumilikd\u0259 v\u0259 f\u0259rdi qaydada q\u0259bul edilib. M\u00fcraci\u0259t ed\u0259n 1 n\u0259f\u0259r \u015f\u0259hid ail\u0259si \u00fczv\u00fc 9 n\u0259f\u0259r m\u00fcharib\u0259 i\u015ftirak\u00e7\u0131s\u0131, 4 n\u0259f\u0259ri azt\u0259minatl\u0131 ail\u0259 \u00fczv\u00fc olub. M\u00fcraci\u0259t ed\u0259nl\u0259r aras\u0131nda qad\u0131n olmay\u0131b.<\/p>\n\n\n\n<p>M\u00fcraci\u0259t\u00e7il\u0259rin \u0259sas probleml\u0259ri \u0259lilliyin dayand\u0131r\u0131lmas\u0131, sosial m\u00fcavin\u0259tin \u00f6d\u0259nilm\u0259m\u0259si, qaz, i\u015f\u0131q, su v\u0259 yol m\u0259s\u0259l\u0259si il\u0259 ba\u011fl\u0131 olub. Probleml\u0259rin h\u0259lli il\u0259 ba\u011fl\u0131 1 n\u0259f\u0259rin d\u00f6vl\u0259t qurumlar\u0131na m\u00fcraci\u0259ti haz\u0131rlanaraq yerind\u0259 v\u0259t\u0259nda\u015fa t\u0259qdim edilib. 6 n\u0259f\u0259r\u0259 h\u00fcquqi konsultasiya xidm\u0259ti g\u00f6st\u0259rilib. 7 n\u0259f\u0259rin s\u0259n\u0259dl\u0259ri is\u0259 qar\u015f\u0131dak\u0131 g\u00fcnl\u0259rd\u0259 haz\u0131rlan\u0131b v\u0259t\u0259nda\u015flara g\u00f6nd\u0259ril\u0259c\u0259k.&nbsp;<\/p>\n\n\n\n<p>Qeyd ed\u0259k ki, layih\u0259 Avropa \u0130ttifaq\u0131 t\u0259r\u0259find\u0259n maliyy\u0259l\u0259\u015fdiril\u0259n v\u0259 BMT-nin \u0130nsan H\u00fcquqlar\u0131 \u00fczr\u0259 Ali Komissarl\u0131\u011f\u0131 t\u0259r\u0259find\u0259n h\u0259yata ke\u00e7iril\u0259n \u201cAz\u0259rbaycanda H\u0259ssas Qruplar\u0131n H\u00fcquqlar\u0131n\u0131n M\u00fcdafi\u0259si\u201d layih\u0259si&nbsp;\u00e7\u0259r\u00e7iv\u0259sind\u0259 h\u0259yata ke\u00e7irilir. &nbsp; 10 ay m\u00fcdd\u0259tind\u0259 icra edil\u0259c\u0259k layih\u0259nin m\u0259qs\u0259di m\u00fcharib\u0259d\u0259n z\u0259r\u0259r\u00e7\u0259k\u0259n \u015f\u0259xsl\u0259r\u0259 v\u0259&nbsp; h\u00fcquqi xidm\u0259t almaq imkan\u0131 olmayan azt\u0259minatl\u0131 \u015f\u0259xsl\u0259r\u0259 pulsuz h\u00fcquqi konsultasiya xidm\u0259ti g\u00f6st\u0259rm\u0259kdir. T\u0259\u015fkilat layih\u0259 \u00e7\u0259r\u00e7iv\u0259sind\u0259 m\u00fcharib\u0259d\u0259n z\u0259r\u0259r\u00e7\u0259k\u0259n \u015f\u0259xsl\u0259r, azt\u0259minatl\u0131 region sakinl\u0259rinin h\u00fcquqlar\u0131n\u0131n b\u0259rpas\u0131 istiqam\u0259tind\u0259 f\u0259aliyy\u0259t g\u00f6st\u0259r\u0259c\u0259k. Benefisiarlar\u0131n aidiyy\u0259ti orqanlara m\u00fcraci\u0259tl\u0259rinin haz\u0131rlanmas\u0131, d\u00f6vl\u0259t qurumlar\u0131na \u0259riz\u0259l\u0259rin yaz\u0131lmas\u0131, m\u0259hk\u0259m\u0259d\u0259 m\u00fcdafi\u0259si v\u0259 dig\u0259r h\u00fcquqi m\u00fcdafi\u0259 t\u0259dbirl\u0259ri il\u0259 onlar\u0131n sosial h\u00fcquqlar\u0131n\u0131n b\u0259rpas\u0131na k\u00f6m\u0259k edil\u0259c\u0259k. T\u0259\u015fkilat\u0131n B\u0259rd\u0259 rayonundak\u0131 ofisind\u0259 v\u0259 h\u0259m\u00e7inin, yax\u0131n m\u00fcdd\u0259td\u0259 A\u011fdam, T\u0259rt\u0259r, Goranboy v\u0259 Naftalana edil\u0259c\u0259k s\u0259f\u0259r zaman\u0131 ehtyac\u0131 olanlara pulsuz h\u00fcquqi konsultasiya xidm\u0259ti g\u00f6st\u0259ril\u0259c\u0259k. Bundan \u0259lav\u0259, azt\u0259minatl\u0131 \u015f\u0259xsl\u0259r \u201cQaynar x\u0259tt\u201d (+994702902299) xidm\u0259ti, \u201cfacebook\u201d (<a href=\"https:\/\/www.facebook.com\/huquqi.yardim.37\">https:\/\/www.facebook.com\/huquqi.yardim.37<\/a>), \u201cinstagram\u201d (<a href=\"https:\/\/www.instagram.com\/huquqiyardim_pulsuz\/\">https:\/\/www.instagram.com\/huquqiyardim_pulsuz\/<\/a>) v\u0259 \u201cWhatsApp\u201d (+994702902299) vasit\u0259sil\u0259 d\u0259 pulsuz h\u00fcquqi konsultasiya xidm\u0259ti ala bil\u0259c\u0259kl\u0259r.<\/p>\n\n\n\n<p>Layih\u0259 m\u00fcdd\u0259tind\u0259, h\u0259m\u00e7inin \u0259n \u00e7ox soru\u015fulan qanun pozuntular\u0131n\u0131n nec\u0259 h\u0259ll olunaca\u011f\u0131na dair h\u00fcquq\u015f\u00fcnas izahat\u0131 olan 20 video \u00e7\u0259kil\u0259r\u0259k \u201cYoutube\u201d (<a href=\"https:\/\/www.youtube.com\/@pulsuzhuquqiyardim\">https:\/\/www.youtube.com\/@pulsuzhuquqiyardim<\/a>) s\u0259hif\u0259si vasit\u0259si il\u0259 payla\u015f\u0131lacaq. Art\u0131q ilk video \u201cyoutube\u201d s\u0259hif\u0259sin\u0259 yerl\u0259\u015fdirilib v\u0259 bu link &#8211; <a href=\"https:\/\/youtu.be\/XYgLxMPwGP8\">https:\/\/youtu.be\/XYgLxMPwGP8<\/a> vasit\u0259si il\u0259 izl\u0259m\u0259k olar.<\/p>\n\n\n\n<figure class=\"wp-block-gallery has-nested-images columns-default is-cropped wp-block-gallery-1 is-layout-flex wp-block-gallery-is-layout-flex\">\n<figure class=\"wp-block-image size-large\"><a href=\"https:\/\/regionalhumanrights.org\/az\/wp-content\/uploads\/2023\/07\/Goranboy-huquqi-yardim-2.jpg\"><img loading=\"lazy\" decoding=\"async\" width=\"1024\" height=\"680\" data-id=\"2234\" src=\"https:\/\/regionalhumanrights.org\/az\/wp-content\/uploads\/2023\/07\/Goranboy-huquqi-yardim-2.jpg\" alt=\"\" class=\"wp-image-2234\" srcset=\"http:\/\/regionalhumanrights.org\/az\/wp-content\/uploads\/2023\/07\/Goranboy-huquqi-yardim-2.jpg 1024w, http:\/\/regionalhumanrights.org\/az\/wp-content\/uploads\/2023\/07\/Goranboy-huquqi-yardim-2-300x200.jpg 300w, http:\/\/regionalhumanrights.org\/az\/wp-content\/uploads\/2023\/07\/Goranboy-huquqi-yardim-2-768x510.jpg 768w, http:\/\/regionalhumanrights.org\/az\/wp-content\/uploads\/2023\/07\/Goranboy-huquqi-yardim-2-820x545.jpg 820w\" sizes=\"(max-width: 1024px) 100vw, 1024px\" \/><\/a><figcaption class=\"wp-element-caption\">Goranboy rayonu<\/figcaption><\/figure>\n\n\n\n<figure class=\"wp-block-image size-large\"><a href=\"https:\/\/regionalhumanrights.org\/az\/wp-content\/uploads\/2023\/07\/Goranboy-huquqi-yardim-3.jpg\"><img loading=\"lazy\" decoding=\"async\" width=\"1024\" height=\"680\" data-id=\"2236\" src=\"https:\/\/regionalhumanrights.org\/az\/wp-content\/uploads\/2023\/07\/Goranboy-huquqi-yardim-3.jpg\" alt=\"\" class=\"wp-image-2236\" srcset=\"http:\/\/regionalhumanrights.org\/az\/wp-content\/uploads\/2023\/07\/Goranboy-huquqi-yardim-3.jpg 1024w, http:\/\/regionalhumanrights.org\/az\/wp-content\/uploads\/2023\/07\/Goranboy-huquqi-yardim-3-300x200.jpg 300w, http:\/\/regionalhumanrights.org\/az\/wp-content\/uploads\/2023\/07\/Goranboy-huquqi-yardim-3-768x510.jpg 768w, http:\/\/regionalhumanrights.org\/az\/wp-content\/uploads\/2023\/07\/Goranboy-huquqi-yardim-3-820x545.jpg 820w\" sizes=\"(max-width: 1024px) 100vw, 1024px\" \/><\/a><figcaption class=\"wp-element-caption\">Goranboy rayonu<\/figcaption><\/figure>\n\n\n\n<figure class=\"wp-block-image size-large\"><a href=\"https:\/\/regionalhumanrights.org\/az\/wp-content\/uploads\/2023\/07\/Goranboy-huquqi-yardim-4.jpg\"><img loading=\"lazy\" decoding=\"async\" width=\"1024\" height=\"680\" data-id=\"2233\" src=\"https:\/\/regionalhumanrights.org\/az\/wp-content\/uploads\/2023\/07\/Goranboy-huquqi-yardim-4.jpg\" alt=\"\" class=\"wp-image-2233\" srcset=\"http:\/\/regionalhumanrights.org\/az\/wp-content\/uploads\/2023\/07\/Goranboy-huquqi-yardim-4.jpg 1024w, http:\/\/regionalhumanrights.org\/az\/wp-content\/uploads\/2023\/07\/Goranboy-huquqi-yardim-4-300x200.jpg 300w, http:\/\/regionalhumanrights.org\/az\/wp-content\/uploads\/2023\/07\/Goranboy-huquqi-yardim-4-768x510.jpg 768w, http:\/\/regionalhumanrights.org\/az\/wp-content\/uploads\/2023\/07\/Goranboy-huquqi-yardim-4-820x545.jpg 820w\" sizes=\"(max-width: 1024px) 100vw, 1024px\" \/><\/a><figcaption class=\"wp-element-caption\">Goranboy rayonu<\/figcaption><\/figure>\n\n\n\n<figure class=\"wp-block-image size-large\"><a href=\"https:\/\/regionalhumanrights.org\/az\/wp-content\/uploads\/2023\/07\/Goranboy-huquqi-yardim-5.jpg\"><img loading=\"lazy\" decoding=\"async\" width=\"1024\" height=\"680\" data-id=\"2235\" src=\"https:\/\/regionalhumanrights.org\/az\/wp-content\/uploads\/2023\/07\/Goranboy-huquqi-yardim-5.jpg\" alt=\"\" class=\"wp-image-2235\" srcset=\"http:\/\/regionalhumanrights.org\/az\/wp-content\/uploads\/2023\/07\/Goranboy-huquqi-yardim-5.jpg 1024w, http:\/\/regionalhumanrights.org\/az\/wp-content\/uploads\/2023\/07\/Goranboy-huquqi-yardim-5-300x200.jpg 300w, http:\/\/regionalhumanrights.org\/az\/wp-content\/uploads\/2023\/07\/Goranboy-huquqi-yardim-5-768x510.jpg 768w, http:\/\/regionalhumanrights.org\/az\/wp-content\/uploads\/2023\/07\/Goranboy-huquqi-yardim-5-820x545.jpg 820w\" sizes=\"(max-width: 1024px) 100vw, 1024px\" \/><\/a><figcaption class=\"wp-element-caption\">Goranboy rayonu<\/figcaption><\/figure>\n\n\n\n<figure class=\"wp-block-image size-large\"><a href=\"https:\/\/regionalhumanrights.org\/az\/wp-content\/uploads\/2023\/07\/Goranboy-huquqi-yardim-6.jpg\"><img loading=\"lazy\" decoding=\"async\" width=\"1024\" height=\"680\" data-id=\"2232\" src=\"https:\/\/regionalhumanrights.org\/az\/wp-content\/uploads\/2023\/07\/Goranboy-huquqi-yardim-6.jpg\" alt=\"\" class=\"wp-image-2232\" srcset=\"http:\/\/regionalhumanrights.org\/az\/wp-content\/uploads\/2023\/07\/Goranboy-huquqi-yardim-6.jpg 1024w, http:\/\/regionalhumanrights.org\/az\/wp-content\/uploads\/2023\/07\/Goranboy-huquqi-yardim-6-300x200.jpg 300w, http:\/\/regionalhumanrights.org\/az\/wp-content\/uploads\/2023\/07\/Goranboy-huquqi-yardim-6-768x510.jpg 768w, http:\/\/regionalhumanrights.org\/az\/wp-content\/uploads\/2023\/07\/Goranboy-huquqi-yardim-6-820x545.jpg 820w\" sizes=\"(max-width: 1024px) 100vw, 1024px\" \/><\/a><figcaption class=\"wp-element-caption\">Goranboy rayonu<\/figcaption><\/figure>\n\n\n\n<figure class=\"wp-block-image size-large\"><a href=\"https:\/\/regionalhumanrights.org\/az\/wp-content\/uploads\/2023\/07\/Goranboy-huquqi-yardim-7.jpg\"><img loading=\"lazy\" decoding=\"async\" width=\"1024\" height=\"680\" data-id=\"2231\" src=\"https:\/\/regionalhumanrights.org\/az\/wp-content\/uploads\/2023\/07\/Goranboy-huquqi-yardim-7.jpg\" alt=\"\" class=\"wp-image-2231\" srcset=\"http:\/\/regionalhumanrights.org\/az\/wp-content\/uploads\/2023\/07\/Goranboy-huquqi-yardim-7.jpg 1024w, http:\/\/regionalhumanrights.org\/az\/wp-content\/uploads\/2023\/07\/Goranboy-huquqi-yardim-7-300x200.jpg 300w, http:\/\/regionalhumanrights.org\/az\/wp-content\/uploads\/2023\/07\/Goranboy-huquqi-yardim-7-768x510.jpg 768w, http:\/\/regionalhumanrights.org\/az\/wp-content\/uploads\/2023\/07\/Goranboy-huquqi-yardim-7-820x545.jpg 820w\" sizes=\"(max-width: 1024px) 100vw, 1024px\" \/><\/a><figcaption class=\"wp-element-caption\">Goranboy rayonu<\/figcaption><\/figure>\n<\/figure>\n","protected":false},"excerpt":{"rendered":"<p>Regional \u0130nsan H\u00fcquqlar\u0131 v\u0259 Media M\u0259rk\u0259zi Goranboy rayonunda h\u0259ssas qrupdan olan \u015f\u0259xsl\u0259r\u0259 h\u00fcquqi konsultasiya xidm\u0259ti g\u00f6st\u0259rib. T\u0259\u015fkilat\u0131n icra etdiyi \u201cH\u0259ssas v\u0259ziyy\u0259td\u0259 olan qruplardan olan insanlara h\u00fcquqi d\u0259st\u0259k\u201d layih\u0259si \u00e7\u0259r\u00e7iv\u0259sind\u0259 ke\u00e7iril\u0259n v\u0259t\u0259nda\u015f q\u0259bulu Goranboy rayonunda apar\u0131l\u0131b. Layih\u0259 r\u0259hb\u0259ri Xalid Kaz\u0131mov layih\u0259 v\u0259 donor t\u0259\u015fkilat haqq\u0131nda i\u015ftirak\u00e7\u0131lara m\u0259lumat verib. X.Kaz\u0131mov qeyd edib ki, layih\u0259 \u00e7\u0259r\u00e7iv\u0259sind\u0259 B\u0259rd\u0259, T\u0259rt\u0259r,&#8230;<\/p>\n","protected":false},"author":3,"featured_media":2239,"comment_status":"closed","ping_status":"closed","sticky":false,"template":"","format":"standard","meta":{"footnotes":""},"categories":[11,13],"tags":[],"_links":{"self":[{"href":"http:\/\/regionalhumanrights.org\/az\/index.php?rest_route=\/wp\/v2\/posts\/2229"}],"collection":[{"href":"http:\/\/regionalhumanrights.org\/az\/index.php?rest_route=\/wp\/v2\/posts"}],"about":[{"href":"http:\/\/regionalhumanrights.org\/az\/index.php?rest_route=\/wp\/v2\/types\/post"}],"author":[{"embeddable":true,"href":"http:\/\/regionalhumanrights.org\/az\/index.php?rest_route=\/wp\/v2\/users\/3"}],"replies":[{"embeddable":true,"href":"http:\/\/regionalhumanrights.org\/az\/index.php?rest_route=%2Fwp%2Fv2%2Fcomments&post=2229"}],"version-history":[{"count":4,"href":"http:\/\/regionalhumanrights.org\/az\/index.php?rest_route=\/wp\/v2\/posts\/2229\/revisions"}],"predecessor-version":[{"id":2241,"href":"http:\/\/regionalhumanrights.org\/az\/index.php?rest_route=\/wp\/v2\/posts\/2229\/revisions\/2241"}],"wp:featuredmedia":[{"embeddable":true,"href":"http:\/\/regionalhumanrights.org\/az\/index.php?rest_route=\/wp\/v2\/media\/2239"}],"wp:attachment":[{"href":"http:\/\/regionalhumanrights.org\/az\/index.php?rest_route=%2Fwp%2Fv2%2Fmedia&parent=2229"}],"wp:term":[{"taxonomy":"category","embeddable":true,"href":"http:\/\/regionalhumanrights.org\/az\/index.php?rest_route=%2Fwp%2Fv2%2Fcategories&post=2229"},{"taxonomy":"post_tag","embeddable":true,"href":"http:\/\/regionalhumanrights.org\/az\/index.php?rest_route=%2Fwp%2Fv2%2Ftags&post=2229"}],"curies":[{"name":"wp","href":"https:\/\/api.w.org\/{rel}","templated":true}]}}