{"id":2419,"date":"2024-04-18T00:01:00","date_gmt":"2024-04-17T20:01:00","guid":{"rendered":"https:\/\/regionalhumanrights.org\/az\/?p=2419"},"modified":"2024-04-18T00:02:18","modified_gmt":"2024-04-17T20:02:18","slug":"2419","status":"publish","type":"post","link":"http:\/\/regionalhumanrights.org\/az\/?p=2419","title":{"rendered":"Ba\u015fl\u0131bel q\u0259tliam\u0131ndan 31 \u00f6t\u00fcr"},"content":{"rendered":"\n<p>31 il \u00f6nc\u0259 aprelin 18-d\u0259 K\u0259lb\u0259c\u0259rin \u0259n b\u00f6y\u00fck k\u0259ndi olan Ba\u015fl\u0131bel k\u0259ndind\u0259 m\u00fchasir\u0259d\u0259 qalan insanlar\u0131n gizl\u0259ndiyi yer i\u015f\u011fal\u00e7\u0131 Erm\u0259nistan ordusu t\u0259r\u0259find\u0259n a\u015fkar edildi. \u0130\u015f\u011fal zaman\u0131 do\u011fma torpaqlar\u0131n\u0131 t\u0259rk etm\u0259y\u0259n, da\u011flara s\u0131\u011f\u0131nan\u00a0 62 n\u0259f\u0259r c\u0259mi 17 g\u00fcn gizlind\u0259 qala bildil\u0259r. 1993-c\u00fc il aprelin 18-d\u0259 erm\u0259ni quldurlar\u0131 qad\u0131n, u\u015faq v\u0259 ya\u015fl\u0131lar\u0131n gizl\u0259ndiyi yeri a\u015fkarlay\u0131b. Bu insanlar c\u0259mi 2 ov t\u00fcf\u0259ngi v\u0259 \u0259halini qoruyan \u0259sg\u0259rl\u0259rd\u0259 olan bir ne\u00e7\u0259 avtomat silahla d\u00fc\u015fm\u0259n\u0259 m\u00fcqavim\u0259t g\u00f6st\u0259ribl\u0259r. Ba\u015fl\u0131belin i\u015f\u011fal\u0131 zaman\u0131 erm\u0259ni quldurlar\u0131 t\u0259r\u0259find\u0259n 27 n\u0259f\u0259r g\u00fcll\u0259l\u0259nib. Erm\u0259nil\u0259r Ba\u015fl\u0131bel k\u0259ndini i\u015f\u011fal ed\u0259rk\u0259n II D\u00fcnya M\u00fcharib\u0259si i\u015ftirak\u00e7\u0131s\u0131 olan bir n\u0259f\u0259ri \u2013 H\u00fcseyn H\u00fcseynovu diri-diri yand\u0131r\u0131blar. K\u0259nd sakini Q\u0259na\u0259t A\u011famirovu i\u015fg\u0259nc\u0259 il\u0259 q\u0259tl\u0259 yetiribl\u0259r. 19 n\u0259f\u0259r k\u0259nd sakini (qad\u0131n, u\u015faq v\u0259 qoca) is\u0259 Erm\u0259nistan h\u0259rb\u00e7il\u0259ri t\u0259r\u0259find\u0259n girov g\u00f6t\u00fcr\u00fcl\u00fcb. D\u00fc\u015fm\u0259n g\u00fcll\u0259sind\u0259n can\u0131n\u0131 qurtara bil\u0259n 30 n\u0259f\u0259r is\u0259 yenid\u0259n da\u011flara \u00e7\u0259kilib v\u0259 daha 113 g\u00fcn m\u00fchasir\u0259 h\u0259yat\u0131 ya\u015fay\u0131b. Sa\u011f qalan h\u0259min \u015f\u0259xsl\u0259r d\u0259f\u0259l\u0259rl\u0259 \u00f6l\u00fcml\u0259 \u00fcz-\u00fcz\u0259 g\u0259lib v\u0259 g\u00fcnl\u0259rl\u0259 ac-susuz qal\u0131blar. M\u00fchasir\u0259d\u0259n \u00e7\u0131xaraq d\u00f6rd sutka piyada yol q\u0259t ed\u0259n 29 n\u0259f\u0259r\u00a0<strong>1993-c\u00fc il iyulun 22-d\u0259<\/strong>\u00a0Da\u015fk\u0259s\u0259n \u0259razisin\u0259 ke\u00e7\u0259 bilibl\u0259r. Amma 1 n\u0259f\u0259r &#8211;\u00a0 I v\u0259 II D\u00fcnya M\u00fcharib\u0259si i\u015ftirak\u00e7\u0131s\u0131 \u018fl\u0259sg\u0259r Kaz\u0131mov do\u011fma torpa\u011f\u0131n\u0131 t\u0259rk etm\u0259y\u0259r\u0259k Ba\u015fl\u0131beld\u0259 qal\u0131b. \u018fl\u0259sg\u0259r Kaz\u0131mov bu g\u00fcn\u0259d\u0259k itkin say\u0131l\u0131r v\u0259 onun bar\u0259sind\u0259 h\u0259r hans\u0131 m\u0259lumat yoxdur.<\/p>\n\n\n\n<p>\u015e\u00fck\u00fcrl\u0259r olsun ki, Ali Ba\u015f Komandan\u0131n s\u0259rk\u0259rd\u0259liyi, \u015f\u0259hidl\u0259rimizin q\u0259hr\u0259manl\u0131\u011f\u0131, h\u0259rb\u00e7il\u0259rimizin s\u00fcca\u0259ti say\u0259sind\u0259 Ba\u015fl\u0131bel azadd\u0131r. Ba\u015fl\u0131bel sakinl\u0259ri m\u0259zar\u0131 a\u015fkarlanan 13 \u015f\u0259hidinin m\u0259zar\u0131n\u0131 ziyar\u0259t ed\u0259 bilir.<\/p>\n\n\n\n<p>2013-c\u00fc ild\u0259 Regional \u0130nsan H\u00fcquqlar\u0131 v\u0259 Media M\u0259rk\u0259zi \u0130ctimai Birliyi Ba\u015fl\u0131belin i\u015f\u011fal\u0131n\u0131n 20-ci ilind\u0259 h\u0259min hadis\u0259l\u0259rd\u0259n b\u0259hs ed\u0259n, Az\u0259rbaycan v\u0259 ingilis diliond\u0259 &nbsp;<strong>\u00abBa\u015fl\u0131bel faci\u0259si: erm\u0259ni v\u0259h\u015filikl\u0259ri \u015fahidl\u0259rin dili il\u0259\u00bb<\/strong>&nbsp;kitab\u0131n\u0131 haz\u0131rlad\u0131. Az\u0259rbaycan Respublikas\u0131n\u0131n Prezidenti yan\u0131nda Qeyri-H\u00f6kum\u0259t T\u0259\u015fkilatlar\u0131na D\u00f6vl\u0259t D\u0259st\u0259yi \u015euras\u0131n\u0131n d\u0259st\u0259k verdiyi kitab c\u0259mi 300 n\u00fcsx\u0259 \u00e7ap olunub. Kitabda erm\u0259nil\u0259rin xalq\u0131m\u0131za qar\u015f\u0131 t\u00f6r\u0259tdiyi v\u0259h\u015filikl\u0259rd\u0259n biri \u2013 Ba\u015fl\u0131bel faci\u0259si il\u0259 ba\u011fl\u0131 m\u0259lumatlar \u0259ksini tap\u0131b. Kitabda Ba\u015fl\u0131bel k\u0259ndind\u0259 t\u00f6r\u0259dil\u0259n soyq\u0131r\u0131m\u0131n\u0131n canl\u0131 \u015fahidl\u0259rinin dedikl\u0259ri yer al\u0131b. M\u00fchasir\u0259d\u0259 qalan u\u015faq, qoca qad\u0131nlar\u0131n h\u0259yat\u0131n\u0131 xilas etm\u0259k \u00fc\u00e7\u00fcn b\u00f6y\u00fck f\u0259dakarl\u0131q g\u00f6st\u0259r\u0259n \u015f\u0259xsl\u0259rin \u015f\u00fcca\u0259tini, v\u0259t\u0259n sevgisini g\u00f6st\u0259r\u0259n faktlar verilib. Bu kitab\u0131n yaz\u0131lmas\u0131 il\u0259 h\u0259m d\u0259 erm\u0259ni v\u0259h\u015filikl\u0259rinin a\u011fr\u0131s\u0131n\u0131 ya\u015fayan, u\u015faqlar\u0131 g\u00f6zl\u0259ri qar\u015f\u0131s\u0131nda \u00f6ld\u00fcr\u00fcl\u0259n valideynl\u0259rin fikirl\u0259rini g\u0259l\u0259c\u0259k n\u0259sill\u0259r\u0259 \u00e7atd\u0131r\u0131l\u0131b.<\/p>\n\n\n\n<p>2023-c\u00fc ild\u0259 is\u0259 Regional \u0130nsan H\u00fcquqlar\u0131 v\u0259 Media M\u0259rk\u0259zi \u0130ctimai Birliyi Ba\u015fl\u0131bel q\u0259tliam\u0131 il\u0259 ba\u011fl\u0131 \u0130ngilis dilind\u0259 ilk d\u0259f\u0259 Beyn\u0259lxalq t\u0259\u015fkilatlara v\u0259 beyn\u0259lxalq ictimaiyy\u0259t\u0259 \u00e7atd\u0131r\u0131lmas\u0131 \u00fc\u00e7\u00fcn hesabat haz\u0131rlay\u0131b. Bu q\u0259tliam\u0131 t\u00f6r\u0259d\u0259nl\u0259rin d\u0259 bir g\u00fcn \u0259dal\u0259t m\u00fchakim\u0259si \u00f6n\u00fcnd\u0259 cavab ver\u0259c\u0259yi \u015f\u00fcbh\u0259sizdir.<\/p>\n\n\n\n<p>Allah \u015f\u0259hidl\u0259rimiz\u0259 r\u0259hm\u0259t el\u0259sin.<\/p>\n","protected":false},"excerpt":{"rendered":"<p>31 il \u00f6nc\u0259 aprelin 18-d\u0259 K\u0259lb\u0259c\u0259rin \u0259n b\u00f6y\u00fck k\u0259ndi olan Ba\u015fl\u0131bel k\u0259ndind\u0259 m\u00fchasir\u0259d\u0259 qalan insanlar\u0131n gizl\u0259ndiyi yer i\u015f\u011fal\u00e7\u0131 Erm\u0259nistan ordusu t\u0259r\u0259find\u0259n a\u015fkar edildi. \u0130\u015f\u011fal zaman\u0131 do\u011fma torpaqlar\u0131n\u0131 t\u0259rk etm\u0259y\u0259n, da\u011flara s\u0131\u011f\u0131nan\u00a0 62 n\u0259f\u0259r c\u0259mi 17 g\u00fcn gizlind\u0259 qala bildil\u0259r. 1993-c\u00fc il aprelin 18-d\u0259 erm\u0259ni quldurlar\u0131 qad\u0131n, u\u015faq v\u0259 ya\u015fl\u0131lar\u0131n gizl\u0259ndiyi yeri a\u015fkarlay\u0131b. Bu insanlar c\u0259mi&#8230;<\/p>\n","protected":false},"author":3,"featured_media":2421,"comment_status":"closed","ping_status":"closed","sticky":false,"template":"","format":"standard","meta":{"footnotes":""},"categories":[9],"tags":[],"_links":{"self":[{"href":"http:\/\/regionalhumanrights.org\/az\/index.php?rest_route=\/wp\/v2\/posts\/2419"}],"collection":[{"href":"http:\/\/regionalhumanrights.org\/az\/index.php?rest_route=\/wp\/v2\/posts"}],"about":[{"href":"http:\/\/regionalhumanrights.org\/az\/index.php?rest_route=\/wp\/v2\/types\/post"}],"author":[{"embeddable":true,"href":"http:\/\/regionalhumanrights.org\/az\/index.php?rest_route=\/wp\/v2\/users\/3"}],"replies":[{"embeddable":true,"href":"http:\/\/regionalhumanrights.org\/az\/index.php?rest_route=%2Fwp%2Fv2%2Fcomments&post=2419"}],"version-history":[{"count":2,"href":"http:\/\/regionalhumanrights.org\/az\/index.php?rest_route=\/wp\/v2\/posts\/2419\/revisions"}],"predecessor-version":[{"id":2422,"href":"http:\/\/regionalhumanrights.org\/az\/index.php?rest_route=\/wp\/v2\/posts\/2419\/revisions\/2422"}],"wp:featuredmedia":[{"embeddable":true,"href":"http:\/\/regionalhumanrights.org\/az\/index.php?rest_route=\/wp\/v2\/media\/2421"}],"wp:attachment":[{"href":"http:\/\/regionalhumanrights.org\/az\/index.php?rest_route=%2Fwp%2Fv2%2Fmedia&parent=2419"}],"wp:term":[{"taxonomy":"category","embeddable":true,"href":"http:\/\/regionalhumanrights.org\/az\/index.php?rest_route=%2Fwp%2Fv2%2Fcategories&post=2419"},{"taxonomy":"post_tag","embeddable":true,"href":"http:\/\/regionalhumanrights.org\/az\/index.php?rest_route=%2Fwp%2Fv2%2Ftags&post=2419"}],"curies":[{"name":"wp","href":"https:\/\/api.w.org\/{rel}","templated":true}]}}