{"id":2563,"date":"2024-07-11T08:59:00","date_gmt":"2024-07-11T04:59:00","guid":{"rendered":"https:\/\/regionalhumanrights.org\/az\/?p=2563"},"modified":"2024-07-11T10:37:01","modified_gmt":"2024-07-11T06:37:01","slug":"qubada-24-n%c9%99f%c9%99r%c9%99-huquqi-konsultasiya-xidm%c9%99ti-gost%c9%99rilib","status":"publish","type":"post","link":"http:\/\/regionalhumanrights.org\/az\/?p=2563","title":{"rendered":"Qubada 24 n\u0259f\u0259r\u0259 h\u00fcquqi konsultasiya xidm\u0259ti g\u00f6st\u0259rilib"},"content":{"rendered":"\n<p>Quba rayonunda azt\u0259minatl\u0131 \u015f\u0259xsl\u0259r\u0259 h\u00fcquqi konsultasiya xidm\u0259ti g\u00f6st\u0259rilib. \u201cRegional \u0130nsan H\u00fcquqlar\u0131 v\u0259 Media M\u0259rk\u0259zi\u201d \u0130ctimai Birliyinin icra etdiyi \u201cAzt\u0259minatl\u0131 region sakinl\u0259rinin h\u00fcquqi m\u00fcdafi\u0259sin\u0259 d\u0259st\u0259k\u201d layih\u0259si \u00e7\u0259r\u00e7iv\u0259sind\u0259 t\u0259\u015fkil olunan t\u0259dbird\u0259 Az\u0259rbaycan Respublikas\u0131n\u0131n Qeyri-H\u00f6kum\u0259t T\u0259\u015fkilatlar\u0131na D\u00f6vl\u0259t D\u0259st\u0259yi Agentliyinin \u00a0m\u0259sl\u0259h\u0259t\u00e7isi Natiq Lahicov, Quba Rayon \u0130cra Hakimiyy\u0259tinin \u0130ctimai-siyasi v\u0259 Humanitar M\u0259s\u0259l\u0259l\u0259r \u015e\u00f6b\u0259sinin Ba\u015f m\u0259sl\u0259h\u0259t\u00e7isi \u018fhm\u0259d Nurullayev v\u0259 Quba Regional QHT-l\u0259rin T\u0259lim Resurs M\u0259rk\u0259zinin\u00a0direktoru\u00a0Eynulla\u00a0Xeyrullayev i\u015ftirak edib.<\/p>\n\n\n\n<p>H\u0259yata ke\u00e7iril\u0259n f\u0259aliyy\u0259tl\u0259 ba\u011fl\u0131 i\u015ftirak\u00e7\u0131lara m\u0259lumat ver\u0259n layih\u0259 r\u0259hb\u0259ri Xalid Kaz\u0131mov bildirib ki, Az\u0259rbaycan Respublikas\u0131n\u0131n Qeyri-H\u00f6kum\u0259t T\u0259\u015fkilatlar\u0131na D\u00f6vl\u0259t D\u0259st\u0259yi Agentliyinin maliyy\u0259 d\u0259st\u0259yi il\u0259 icra olunan layih\u0259 B\u0259rd\u0259, G\u00f6y\u00e7ay, \u015eamax\u0131 v\u0259 Quba rayonlar\u0131n\u0131n \u0259razisini \u0259hat\u0259 edir. Layih\u0259nin \u0259sas m\u0259qs\u0259di B\u0259rd\u0259, G\u00f6y\u00e7ay, \u015eamax\u0131 v\u0259 Quba rayonlar\u0131nda ya\u015fayan m\u00fcharib\u0259d\u0259n z\u0259r\u0259r \u00e7\u0259k\u0259n v\u0259 dig\u0259r azt\u0259minatl\u0131 qruplardan olan (Az\u0259rbaycan\u0131n dig\u0259r \u0259razil\u0259rind\u0259n onlayn m\u00fcraci\u0259t ed\u0259nl\u0259r) \u015f\u0259xsl\u0259ri h\u00fcquqi maarifl\u0259ndirm\u0259k, pulsuz h\u00fcquqi konsultasiya xidm\u0259ti g\u00f6st\u0259rm\u0259k v\u0259&nbsp; m\u0259hk\u0259m\u0259d\u0259 h\u00fcquqi m\u00fcdafi\u0259sini t\u0259\u015fkil etm\u0259kl\u0259 probleml\u0259rini h\u0259ll ed\u0259r\u0259k sosial v\u0259ziyy\u0259tl\u0259rini yax\u015f\u0131la\u015fd\u0131rmaqd\u0131r.<\/p>\n\n\n\n<p>Daha sonra layih\u0259nin h\u00fcquq\u015f\u00fcnas\u0131 Araz Nurm\u0259mm\u0259dov h\u00fcquqi probleml\u0259rl\u0259 ba\u011fl\u0131 m\u00fcraci\u0259t ed\u0259n \u015f\u0259xsl\u0259ri \u00fcmumilikd\u0259 v\u0259 f\u0259rdi \u015f\u0259kild\u0259 q\u0259bul edib.<\/p>\n\n\n\n<p>T\u0259dbir zaman\u0131 Quba rayonundan olan 24 n\u0259f\u0259r\u0259 &nbsp;h\u00fcquqi konsultasiya xidm\u0259ti g\u00f6st\u0259rilib. M\u00fcraci\u0259tl\u0259r \u0259sas\u0259n \u015f\u0259hid ail\u0259l\u0259ri v\u0259 M\u00fcharib\u0259 veteranlar\u0131n\u0131n torpaq v\u0259 m\u0259nzill\u0259 t\u0259min edilm\u0259si, i\u015fl\u0259 t\u0259minat, \u201cM\u00fcharib\u0259 veteran\u0131\u201d ad\u0131n\u0131n v\u0259 v\u0259siq\u0259sinin verilm\u0259m\u0259si, \u0259lillikd\u0259n imtina, i\u015fl\u0259 t\u0259minat, bank kreditl\u0259rinin \u00f6d\u0259nilm\u0259sind\u0259 \u00e7\u0259tinlik v\u0259 m\u0259hk\u0259m\u0259d\u0259 m\u00fcdafi\u0259 s\u0259n\u0259dl\u0259rinin haz\u0131rlanmas\u0131 il\u0259 ba\u011fl\u0131 olub.<\/p>\n\n\n\n<p>G\u00f6r\u00fc\u015f zaman\u0131 m\u00fcraci\u0259t ed\u0259n azt\u0259minatl\u0131 \u015f\u0259xsl\u0259r\u0259 probleml\u0259rinin h\u0259lli il\u0259 ba\u011fl\u0131 h\u00fcquqi m\u0259sl\u0259h\u0259t verilib v\u0259t\u0259nda\u015flar\u0131n s\u0259n\u0259dl\u0259rinin sur\u0259tl\u0259ri g\u00f6t\u00fcr\u00fcl\u00fcb v\u0259 m\u00fcvafiq qeydl\u0259r apar\u0131l\u0131b. Qar\u015f\u0131dak\u0131 g\u00fcnl\u0259rd\u0259 v\u0259t\u0259nda\u015flar\u0131n s\u0259n\u0259dl\u0259ri haz\u0131rlanaraq imzalan\u0131b aidiyyat\u0131 qurumlara g\u00f6nd\u0259rilm\u0259si \u00fc\u00e7\u00fcn benefisiarlara \u00e7atd\u0131r\u0131lacaq.&nbsp;<\/p>\n\n\n\n<figure class=\"wp-block-gallery has-nested-images columns-default is-cropped wp-block-gallery-1 is-layout-flex wp-block-gallery-is-layout-flex\">\n<figure class=\"wp-block-image size-large\"><a href=\"https:\/\/regionalhumanrights.org\/az\/wp-content\/uploads\/2024\/07\/Quba-tedbir-1-scaled.jpg\"><img loading=\"lazy\" decoding=\"async\" width=\"1024\" height=\"683\" data-id=\"2567\" src=\"https:\/\/regionalhumanrights.org\/az\/wp-content\/uploads\/2024\/07\/Quba-tedbir-1-1024x683.jpg\" alt=\"\" class=\"wp-image-2567\" srcset=\"http:\/\/regionalhumanrights.org\/az\/wp-content\/uploads\/2024\/07\/Quba-tedbir-1-1024x683.jpg 1024w, http:\/\/regionalhumanrights.org\/az\/wp-content\/uploads\/2024\/07\/Quba-tedbir-1-300x200.jpg 300w, http:\/\/regionalhumanrights.org\/az\/wp-content\/uploads\/2024\/07\/Quba-tedbir-1-768x512.jpg 768w, http:\/\/regionalhumanrights.org\/az\/wp-content\/uploads\/2024\/07\/Quba-tedbir-1-1536x1024.jpg 1536w, http:\/\/regionalhumanrights.org\/az\/wp-content\/uploads\/2024\/07\/Quba-tedbir-1-2048x1365.jpg 2048w, http:\/\/regionalhumanrights.org\/az\/wp-content\/uploads\/2024\/07\/Quba-tedbir-1-600x400.jpg 600w\" sizes=\"(max-width: 1024px) 100vw, 1024px\" \/><\/a><\/figure>\n\n\n\n<figure class=\"wp-block-image size-large\"><a href=\"https:\/\/regionalhumanrights.org\/az\/wp-content\/uploads\/2024\/07\/Quba-tedbir-2-scaled.jpg\"><img loading=\"lazy\" decoding=\"async\" width=\"1024\" height=\"683\" data-id=\"2568\" src=\"https:\/\/regionalhumanrights.org\/az\/wp-content\/uploads\/2024\/07\/Quba-tedbir-2-1024x683.jpg\" alt=\"\" class=\"wp-image-2568\" srcset=\"http:\/\/regionalhumanrights.org\/az\/wp-content\/uploads\/2024\/07\/Quba-tedbir-2-1024x683.jpg 1024w, http:\/\/regionalhumanrights.org\/az\/wp-content\/uploads\/2024\/07\/Quba-tedbir-2-300x200.jpg 300w, http:\/\/regionalhumanrights.org\/az\/wp-content\/uploads\/2024\/07\/Quba-tedbir-2-768x512.jpg 768w, http:\/\/regionalhumanrights.org\/az\/wp-content\/uploads\/2024\/07\/Quba-tedbir-2-1536x1024.jpg 1536w, http:\/\/regionalhumanrights.org\/az\/wp-content\/uploads\/2024\/07\/Quba-tedbir-2-2048x1365.jpg 2048w, http:\/\/regionalhumanrights.org\/az\/wp-content\/uploads\/2024\/07\/Quba-tedbir-2-600x400.jpg 600w\" sizes=\"(max-width: 1024px) 100vw, 1024px\" \/><\/a><\/figure>\n\n\n\n<figure class=\"wp-block-image size-large\"><a href=\"https:\/\/regionalhumanrights.org\/az\/wp-content\/uploads\/2024\/07\/Quba-t\u0259dbir-2-1-scaled.jpg\"><img loading=\"lazy\" decoding=\"async\" width=\"1024\" height=\"683\" data-id=\"2575\" src=\"https:\/\/regionalhumanrights.org\/az\/wp-content\/uploads\/2024\/07\/Quba-t\u0259dbir-2-1-1024x683.jpg\" alt=\"\" class=\"wp-image-2575\" srcset=\"http:\/\/regionalhumanrights.org\/az\/wp-content\/uploads\/2024\/07\/Quba-t\u0259dbir-2-1-1024x683.jpg 1024w, http:\/\/regionalhumanrights.org\/az\/wp-content\/uploads\/2024\/07\/Quba-t\u0259dbir-2-1-300x200.jpg 300w, http:\/\/regionalhumanrights.org\/az\/wp-content\/uploads\/2024\/07\/Quba-t\u0259dbir-2-1-768x512.jpg 768w, http:\/\/regionalhumanrights.org\/az\/wp-content\/uploads\/2024\/07\/Quba-t\u0259dbir-2-1-1536x1024.jpg 1536w, http:\/\/regionalhumanrights.org\/az\/wp-content\/uploads\/2024\/07\/Quba-t\u0259dbir-2-1-2048x1365.jpg 2048w, http:\/\/regionalhumanrights.org\/az\/wp-content\/uploads\/2024\/07\/Quba-t\u0259dbir-2-1-600x400.jpg 600w\" sizes=\"(max-width: 1024px) 100vw, 1024px\" \/><\/a><\/figure>\n\n\n\n<figure class=\"wp-block-image size-large\"><a href=\"https:\/\/regionalhumanrights.org\/az\/wp-content\/uploads\/2024\/07\/Quba-t\u0259dbir-3-scaled.jpg\"><img loading=\"lazy\" decoding=\"async\" width=\"1024\" height=\"683\" data-id=\"2570\" src=\"https:\/\/regionalhumanrights.org\/az\/wp-content\/uploads\/2024\/07\/Quba-t\u0259dbir-3-1024x683.jpg\" alt=\"\" class=\"wp-image-2570\" srcset=\"http:\/\/regionalhumanrights.org\/az\/wp-content\/uploads\/2024\/07\/Quba-t\u0259dbir-3-1024x683.jpg 1024w, http:\/\/regionalhumanrights.org\/az\/wp-content\/uploads\/2024\/07\/Quba-t\u0259dbir-3-300x200.jpg 300w, http:\/\/regionalhumanrights.org\/az\/wp-content\/uploads\/2024\/07\/Quba-t\u0259dbir-3-768x512.jpg 768w, http:\/\/regionalhumanrights.org\/az\/wp-content\/uploads\/2024\/07\/Quba-t\u0259dbir-3-1536x1024.jpg 1536w, http:\/\/regionalhumanrights.org\/az\/wp-content\/uploads\/2024\/07\/Quba-t\u0259dbir-3-2048x1365.jpg 2048w, http:\/\/regionalhumanrights.org\/az\/wp-content\/uploads\/2024\/07\/Quba-t\u0259dbir-3-600x400.jpg 600w\" sizes=\"(max-width: 1024px) 100vw, 1024px\" \/><\/a><\/figure>\n\n\n\n<figure class=\"wp-block-image size-large\"><a href=\"https:\/\/regionalhumanrights.org\/az\/wp-content\/uploads\/2024\/07\/Quba-t\u0259dbir-4-scaled.jpg\"><img loading=\"lazy\" decoding=\"async\" width=\"1024\" height=\"683\" data-id=\"2572\" src=\"https:\/\/regionalhumanrights.org\/az\/wp-content\/uploads\/2024\/07\/Quba-t\u0259dbir-4-1024x683.jpg\" alt=\"\" class=\"wp-image-2572\" srcset=\"http:\/\/regionalhumanrights.org\/az\/wp-content\/uploads\/2024\/07\/Quba-t\u0259dbir-4-1024x683.jpg 1024w, http:\/\/regionalhumanrights.org\/az\/wp-content\/uploads\/2024\/07\/Quba-t\u0259dbir-4-300x200.jpg 300w, http:\/\/regionalhumanrights.org\/az\/wp-content\/uploads\/2024\/07\/Quba-t\u0259dbir-4-768x512.jpg 768w, http:\/\/regionalhumanrights.org\/az\/wp-content\/uploads\/2024\/07\/Quba-t\u0259dbir-4-1536x1024.jpg 1536w, http:\/\/regionalhumanrights.org\/az\/wp-content\/uploads\/2024\/07\/Quba-t\u0259dbir-4-2048x1365.jpg 2048w, http:\/\/regionalhumanrights.org\/az\/wp-content\/uploads\/2024\/07\/Quba-t\u0259dbir-4-600x400.jpg 600w\" sizes=\"(max-width: 1024px) 100vw, 1024px\" \/><\/a><\/figure>\n\n\n\n<figure class=\"wp-block-image size-large\"><a href=\"https:\/\/regionalhumanrights.org\/az\/wp-content\/uploads\/2024\/07\/Quba-t\u0259dbir-5-scaled.jpg\"><img loading=\"lazy\" decoding=\"async\" width=\"1024\" height=\"683\" data-id=\"2565\" src=\"https:\/\/regionalhumanrights.org\/az\/wp-content\/uploads\/2024\/07\/Quba-t\u0259dbir-5-1024x683.jpg\" alt=\"\" class=\"wp-image-2565\" srcset=\"http:\/\/regionalhumanrights.org\/az\/wp-content\/uploads\/2024\/07\/Quba-t\u0259dbir-5-1024x683.jpg 1024w, http:\/\/regionalhumanrights.org\/az\/wp-content\/uploads\/2024\/07\/Quba-t\u0259dbir-5-300x200.jpg 300w, http:\/\/regionalhumanrights.org\/az\/wp-content\/uploads\/2024\/07\/Quba-t\u0259dbir-5-768x512.jpg 768w, http:\/\/regionalhumanrights.org\/az\/wp-content\/uploads\/2024\/07\/Quba-t\u0259dbir-5-1536x1024.jpg 1536w, http:\/\/regionalhumanrights.org\/az\/wp-content\/uploads\/2024\/07\/Quba-t\u0259dbir-5-2048x1365.jpg 2048w, http:\/\/regionalhumanrights.org\/az\/wp-content\/uploads\/2024\/07\/Quba-t\u0259dbir-5-600x400.jpg 600w\" sizes=\"(max-width: 1024px) 100vw, 1024px\" \/><\/a><\/figure>\n<\/figure>\n","protected":false},"excerpt":{"rendered":"<p>Quba rayonunda azt\u0259minatl\u0131 \u015f\u0259xsl\u0259r\u0259 h\u00fcquqi konsultasiya xidm\u0259ti g\u00f6st\u0259rilib. \u201cRegional \u0130nsan H\u00fcquqlar\u0131 v\u0259 Media M\u0259rk\u0259zi\u201d \u0130ctimai Birliyinin icra etdiyi \u201cAzt\u0259minatl\u0131 region sakinl\u0259rinin h\u00fcquqi m\u00fcdafi\u0259sin\u0259 d\u0259st\u0259k\u201d layih\u0259si \u00e7\u0259r\u00e7iv\u0259sind\u0259 t\u0259\u015fkil olunan t\u0259dbird\u0259 Az\u0259rbaycan Respublikas\u0131n\u0131n Qeyri-H\u00f6kum\u0259t T\u0259\u015fkilatlar\u0131na D\u00f6vl\u0259t D\u0259st\u0259yi Agentliyinin \u00a0m\u0259sl\u0259h\u0259t\u00e7isi Natiq Lahicov, Quba Rayon \u0130cra Hakimiyy\u0259tinin \u0130ctimai-siyasi v\u0259 Humanitar M\u0259s\u0259l\u0259l\u0259r \u015e\u00f6b\u0259sinin Ba\u015f m\u0259sl\u0259h\u0259t\u00e7isi \u018fhm\u0259d Nurullayev v\u0259 Quba Regional&#8230;<\/p>\n","protected":false},"author":3,"featured_media":2564,"comment_status":"closed","ping_status":"closed","sticky":false,"template":"","format":"standard","meta":{"footnotes":""},"categories":[11,8],"tags":[],"_links":{"self":[{"href":"http:\/\/regionalhumanrights.org\/az\/index.php?rest_route=\/wp\/v2\/posts\/2563"}],"collection":[{"href":"http:\/\/regionalhumanrights.org\/az\/index.php?rest_route=\/wp\/v2\/posts"}],"about":[{"href":"http:\/\/regionalhumanrights.org\/az\/index.php?rest_route=\/wp\/v2\/types\/post"}],"author":[{"embeddable":true,"href":"http:\/\/regionalhumanrights.org\/az\/index.php?rest_route=\/wp\/v2\/users\/3"}],"replies":[{"embeddable":true,"href":"http:\/\/regionalhumanrights.org\/az\/index.php?rest_route=%2Fwp%2Fv2%2Fcomments&post=2563"}],"version-history":[{"count":3,"href":"http:\/\/regionalhumanrights.org\/az\/index.php?rest_route=\/wp\/v2\/posts\/2563\/revisions"}],"predecessor-version":[{"id":2577,"href":"http:\/\/regionalhumanrights.org\/az\/index.php?rest_route=\/wp\/v2\/posts\/2563\/revisions\/2577"}],"wp:featuredmedia":[{"embeddable":true,"href":"http:\/\/regionalhumanrights.org\/az\/index.php?rest_route=\/wp\/v2\/media\/2564"}],"wp:attachment":[{"href":"http:\/\/regionalhumanrights.org\/az\/index.php?rest_route=%2Fwp%2Fv2%2Fmedia&parent=2563"}],"wp:term":[{"taxonomy":"category","embeddable":true,"href":"http:\/\/regionalhumanrights.org\/az\/index.php?rest_route=%2Fwp%2Fv2%2Fcategories&post=2563"},{"taxonomy":"post_tag","embeddable":true,"href":"http:\/\/regionalhumanrights.org\/az\/index.php?rest_route=%2Fwp%2Fv2%2Ftags&post=2563"}],"curies":[{"name":"wp","href":"https:\/\/api.w.org\/{rel}","templated":true}]}}