{"id":397,"date":"2011-09-09T17:55:25","date_gmt":"2011-09-09T12:55:25","guid":{"rendered":"http:\/\/regionalhumanrights.org\/az\/?p=397"},"modified":"2011-09-10T18:20:50","modified_gmt":"2011-09-10T13:20:50","slug":"m%c9%99tbuat-surasi-elmar-huseynovun-q%c9%99tlinin-t%c9%99hqiqatinin-sur%c9%99tl%c9%99ndirilm%c9%99si-il%c9%99-bagli-milli-t%c9%99hluk%c9%99sizlik-nazirliyin%c9%99-muraci%c9%99t-unvanlayib","status":"publish","type":"post","link":"http:\/\/regionalhumanrights.org\/az\/?p=397","title":{"rendered":"Elmar H\u00fcseynovun q\u0259tlinin t\u0259hqiqat\u0131n\u0131n s\u00fcr\u0259tl\u0259ndirilm\u0259si il\u0259 ba\u011fl\u0131 MTN-\u0259 m\u00fcraci\u0259t edildi"},"content":{"rendered":"<p style=\"text-align: justify;\">M\u0259tbuat \u015euras\u0131 m\u0259rhum jurnalist Elmar H\u00fcseynovun q\u0259tlinin ara\u015fd\u0131r\u0131lmas\u0131 prosesinin s\u00fcr\u0259tl\u0259ndirilm\u0259si il\u0259 ba\u011fl\u0131 Milli T\u0259hl\u00fck\u0259sizlik Nazirliyin\u0259 m\u00fcraci\u0259t \u00fcnvanlay\u0131b. M\u015e-d\u0259n APA-ya veril\u0259n m\u0259lumata g\u00f6r\u0259, m\u00fcraci\u0259td\u0259 bildirilir ki, \u00fcz\u0259rind\u0259n xeyli m\u00fcdd\u0259t ke\u00e7m\u0259sin\u0259 baxmayaraq Elmar H\u00fcseynovun q\u0259tlinin \u00fcst\u00fcn\u00fcn a\u00e7\u0131lmamas\u0131 \u00f6lk\u0259nin media ictimaiyy\u0259tind\u0259 ciddi narahatl\u0131q do\u011furur v\u0259 k\u00fctl\u0259vi informasiya vasit\u0259l\u0259rinin t\u0259msil\u00e7il\u0259ri m\u00fcnt\u0259z\u0259m olaraq ke\u00e7irdikl\u0259ri toplant\u0131larda m\u0259s\u0259l\u0259y\u0259 diqq\u0259t yetirirl\u0259r. <!--more-->8 sentyabr &#8211; Jurnalistl\u0259rin Beyn\u0259lxalq H\u0259mr\u0259yliyi G\u00fcn\u00fc il\u0259 ba\u011fl\u0131 M\u0259tbuat \u015euras\u0131nda ba\u015f tutan \u201cD\u0259yirmi masa\u201dn\u0131n i\u015ftirak\u00e7\u0131lar\u0131 da hadis\u0259ni t\u00f6r\u0259d\u0259nl\u0259rin tezlikl\u0259 tap\u0131laraq c\u0259zaland\u0131r\u0131lmas\u0131n\u0131n vacibliyini vur\u011fulay\u0131blar.<br \/>\nT\u0259dbird\u0259 bildirilib ki, jurnalist q\u0259tli h\u0259r bir \u00f6lk\u0259nin beyn\u0259lxalq imicin\u0259 m\u0259nfi t\u0259sir g\u00f6st\u0259r\u0259n hadis\u0259dir: \u201c\u00d6t\u0259n m\u00fcdd\u0259td\u0259 cinay\u0259tinin \u00fcst\u00fcn\u00fcn a\u00e7\u0131lmas\u0131 istiqam\u0259tind\u0259 s\u0259yl\u0259r var. Lakin jurnalistl\u0259r bu q\u0259na\u0259td\u0259dirl\u0259r ki, m\u00f6vcud m\u0259s\u0259l\u0259d\u0259 c\u0259zas\u0131zl\u0131\u011f\u0131n davam\u0131 pe\u015f\u0259 f\u0259aliyy\u0259tl\u0259rini yerin\u0259 yetir\u0259n q\u0259l\u0259m sahibl\u0259rind\u0259 ox\u015far xo\u015fag\u0259lm\u0259z hal\u0131n t\u0259krarlanaca\u011f\u0131na dair qorxu yarad\u0131r\u201d.<\/p>\n","protected":false},"excerpt":{"rendered":"<p>M\u0259tbuat \u015euras\u0131 m\u0259rhum jurnalist Elmar H\u00fcseynovun q\u0259tlinin ara\u015fd\u0131r\u0131lmas\u0131 prosesinin s\u00fcr\u0259tl\u0259ndirilm\u0259si il\u0259 ba\u011fl\u0131 Milli T\u0259hl\u00fck\u0259sizlik Nazirliyin\u0259 m\u00fcraci\u0259t \u00fcnvanlay\u0131b. M\u015e-d\u0259n APA-ya veril\u0259n m\u0259lumata g\u00f6r\u0259, m\u00fcraci\u0259td\u0259 bildirilir ki, \u00fcz\u0259rind\u0259n xeyli m\u00fcdd\u0259t ke\u00e7m\u0259sin\u0259 baxmayaraq Elmar H\u00fcseynovun q\u0259tlinin \u00fcst\u00fcn\u00fcn a\u00e7\u0131lmamas\u0131 \u00f6lk\u0259nin media ictimaiyy\u0259tind\u0259 ciddi narahatl\u0131q do\u011furur v\u0259 k\u00fctl\u0259vi informasiya vasit\u0259l\u0259rinin t\u0259msil\u00e7il\u0259ri m\u00fcnt\u0259z\u0259m olaraq ke\u00e7irdikl\u0259ri toplant\u0131larda m\u0259s\u0259l\u0259y\u0259 diqq\u0259t yetirirl\u0259r.<\/p>\n","protected":false},"author":1,"featured_media":398,"comment_status":"closed","ping_status":"closed","sticky":false,"template":"","format":"standard","meta":{"footnotes":""},"categories":[10,13],"tags":[],"_links":{"self":[{"href":"http:\/\/regionalhumanrights.org\/az\/index.php?rest_route=\/wp\/v2\/posts\/397"}],"collection":[{"href":"http:\/\/regionalhumanrights.org\/az\/index.php?rest_route=\/wp\/v2\/posts"}],"about":[{"href":"http:\/\/regionalhumanrights.org\/az\/index.php?rest_route=\/wp\/v2\/types\/post"}],"author":[{"embeddable":true,"href":"http:\/\/regionalhumanrights.org\/az\/index.php?rest_route=\/wp\/v2\/users\/1"}],"replies":[{"embeddable":true,"href":"http:\/\/regionalhumanrights.org\/az\/index.php?rest_route=%2Fwp%2Fv2%2Fcomments&post=397"}],"version-history":[{"count":3,"href":"http:\/\/regionalhumanrights.org\/az\/index.php?rest_route=\/wp\/v2\/posts\/397\/revisions"}],"predecessor-version":[{"id":400,"href":"http:\/\/regionalhumanrights.org\/az\/index.php?rest_route=\/wp\/v2\/posts\/397\/revisions\/400"}],"wp:featuredmedia":[{"embeddable":true,"href":"http:\/\/regionalhumanrights.org\/az\/index.php?rest_route=\/wp\/v2\/media\/398"}],"wp:attachment":[{"href":"http:\/\/regionalhumanrights.org\/az\/index.php?rest_route=%2Fwp%2Fv2%2Fmedia&parent=397"}],"wp:term":[{"taxonomy":"category","embeddable":true,"href":"http:\/\/regionalhumanrights.org\/az\/index.php?rest_route=%2Fwp%2Fv2%2Fcategories&post=397"},{"taxonomy":"post_tag","embeddable":true,"href":"http:\/\/regionalhumanrights.org\/az\/index.php?rest_route=%2Fwp%2Fv2%2Ftags&post=397"}],"curies":[{"name":"wp","href":"https:\/\/api.w.org\/{rel}","templated":true}]}}