{"id":478,"date":"2011-09-26T16:42:57","date_gmt":"2011-09-26T11:42:57","guid":{"rendered":"http:\/\/regionalhumanrights.org\/az\/?p=478"},"modified":"2011-09-26T16:42:57","modified_gmt":"2011-09-26T11:42:57","slug":"redaktorlar-birliyi-q%c9%99rar-verdi-bir-qrup-jurnalist-l%c9%99nk%c9%99rana-s%c9%99f%c9%99r-ed%c9%99c%c9%99k","status":"publish","type":"post","link":"http:\/\/regionalhumanrights.org\/az\/?p=478","title":{"rendered":"Redaktorlar birliyi q\u0259rar verdi: bir qrup jurnalist l\u0259nk\u0259rana s\u0259f\u0259r ed\u0259c\u0259k"},"content":{"rendered":"<p style=\"text-align: justify;\">\u00a0<a href=\"http:\/\/regionalhumanrights.org\/az\/wp-content\/uploads\/2011\/09\/aydin-caniyev.bmp\"><img loading=\"lazy\" decoding=\"async\" class=\"alignleft size-full wp-image-479\" title=\"aydin caniyev\" src=\"http:\/\/regionalhumanrights.org\/az\/wp-content\/uploads\/2011\/09\/aydin-caniyev.bmp\" alt=\"\" width=\"174\" height=\"103\" \/><\/a>Sentyabr\u0131n 26-da Redaktorlar Birliyinin iclas\u0131 ke\u00e7irilib. \u0130clasda \u201cTuran\u201d \u0130nformasiya Agentliyinin, \u201cYeni M\u00fcsavat\u201d, \u201cAzadl\u0131q\u201d, \u201cXural\u201d, \u201cM\u00fcxalif\u0259t\u201d, \u201cT\u0259zadlar\u201d, \u201cFemida 007\u201d, \u201cG\u00fcnd\u0259m-X\u0259b\u0259r\u201d q\u0259zetl\u0259rinin, \u201cQafqazinfo\u201d x\u0259b\u0259r sayt\u0131n\u0131n, Reportyorlar\u0131n Azadl\u0131q v\u0259 T\u0259hl\u00fck\u0259sizlik \u0130nstitutunun t\u0259msil\u00e7il\u0259ri i\u015ftirak edib. <!--more-->Reportyorlar\u0131n Azadl\u0131q v\u0259 T\u0259hl\u00fck\u0259sizlik \u0130nstitutunun ofisind\u0259 ke\u00e7iril\u0259n iclasda \u201cXural\u201d q\u0259zetinin c\u0259nub b\u00f6lg\u0259si \u00fczr\u0259 m\u00fcxbiri Ayd\u0131n Can\u0131yevin h\u0259bsi m\u00fczakir\u0259 olunub. \u201cTuran\u201d agentliyinin direktoru Mehman \u018fliyev \u201cMedia forum\u201d sayt\u0131na bildirib ki, bir qrup jurnalistin L\u0259nk\u0259rana s\u0259f\u0259r etm\u0259si q\u0259rara al\u0131n\u0131b: \u201cM\u0259qs\u0259d Ayd\u0131n Can\u0131yevin h\u0259bsinin s\u0259b\u0259bl\u0259rini yerind\u0259 ara\u015fd\u0131rmaqd\u0131r\u201d.<br \/>\nAyd\u0131n Can\u0131yev sentyabr\u0131n 8-d\u0259 L\u0259nk\u0259ran\u0131n S\u0259rp\u0259k\u0259ran k\u0259nd dindarlar\u0131n\u0131n \u015fikay\u0259ti \u0259sas\u0131nda saxlan\u0131l\u0131b. Jurnalist k\u0259nd m\u0259scidinin p\u0259nc\u0259r\u0259l\u0259rini q\u0131rmaqda v\u0259 dindarlar\u0131 t\u0259hqir etm\u0259kd\u0259 ittiham olunub v\u0259 ona 12 sutka inzibati h\u0259bs c\u0259zas\u0131 verilib. Daha sonra Ayd\u0131n Can\u0131yev\u0259 Cinay\u0259t M\u0259c\u0259ll\u0259sinin 221.2.2-ci madd\u0259si (ictimai qaydan\u0131n qorunmas\u0131 \u00fczr\u0259 v\u0259zif\u0259ni yerin\u0259 yetir\u0259n v\u0259 ya ictimai qaydan\u0131n pozulmas\u0131n\u0131n qar\u015f\u0131s\u0131n\u0131 alan hakimiyy\u0259t n\u00fcmay\u0259nd\u0259sin\u0259 v\u0259 ya dig\u0259r \u015f\u0259xs\u0259 m\u00fcqavim\u0259t g\u00f6st\u0259rm\u0259kl\u0259 xuliqanl\u0131q) il\u0259 cinay\u0259t i\u015fi qald\u0131r\u0131l\u0131b v\u0259 sentyabr\u0131n 20-d\u0259 L\u0259nk\u0259ran Rayon M\u0259hk\u0259m\u0259si onun bar\u0259sind\u0259 2 ay m\u00fcdd\u0259tin\u0259 h\u0259bs q\u0259timkan t\u0259dbirinin se\u00e7ilm\u0259sin\u0259 dair q\u0259rar \u00e7\u0131xar\u0131b.<br \/>\nRedaktorlar Birliyinin iclas\u0131nda M\u0259tbuat \u015euras\u0131n\u0131n \u201cG\u00fcnd\u0259m-X\u0259b\u0259r\u201d q\u0259zetind\u0259n Ba\u015f Prokuror yan\u0131nda Korrupsiyaya Qar\u015f\u0131 M\u00fcbariz\u0259 \u0130dar\u0259sin\u0259 \u015fikay\u0259ti, \u201cZerkalo\u201d q\u0259zetinin m\u00fcxbiri \u0130drak Abbasova qar\u015f\u0131 t\u0259zyiql\u0259r d\u0259 m\u00fczakir\u0259 olunub.<\/p>\n","protected":false},"excerpt":{"rendered":"<p>\u00a0Sentyabr\u0131n 26-da Redaktorlar Birliyinin iclas\u0131 ke\u00e7irilib. \u0130clasda \u201cTuran\u201d \u0130nformasiya Agentliyinin, \u201cYeni M\u00fcsavat\u201d, \u201cAzadl\u0131q\u201d, \u201cXural\u201d, \u201cM\u00fcxalif\u0259t\u201d, \u201cT\u0259zadlar\u201d, \u201cFemida 007\u201d, \u201cG\u00fcnd\u0259m-X\u0259b\u0259r\u201d q\u0259zetl\u0259rinin, \u201cQafqazinfo\u201d x\u0259b\u0259r sayt\u0131n\u0131n, Reportyorlar\u0131n Azadl\u0131q v\u0259 T\u0259hl\u00fck\u0259sizlik \u0130nstitutunun t\u0259msil\u00e7il\u0259ri i\u015ftirak edib.<\/p>\n","protected":false},"author":1,"featured_media":0,"comment_status":"closed","ping_status":"closed","sticky":false,"template":"","format":"standard","meta":{"footnotes":""},"categories":[10],"tags":[],"_links":{"self":[{"href":"http:\/\/regionalhumanrights.org\/az\/index.php?rest_route=\/wp\/v2\/posts\/478"}],"collection":[{"href":"http:\/\/regionalhumanrights.org\/az\/index.php?rest_route=\/wp\/v2\/posts"}],"about":[{"href":"http:\/\/regionalhumanrights.org\/az\/index.php?rest_route=\/wp\/v2\/types\/post"}],"author":[{"embeddable":true,"href":"http:\/\/regionalhumanrights.org\/az\/index.php?rest_route=\/wp\/v2\/users\/1"}],"replies":[{"embeddable":true,"href":"http:\/\/regionalhumanrights.org\/az\/index.php?rest_route=%2Fwp%2Fv2%2Fcomments&post=478"}],"version-history":[{"count":2,"href":"http:\/\/regionalhumanrights.org\/az\/index.php?rest_route=\/wp\/v2\/posts\/478\/revisions"}],"predecessor-version":[{"id":481,"href":"http:\/\/regionalhumanrights.org\/az\/index.php?rest_route=\/wp\/v2\/posts\/478\/revisions\/481"}],"wp:attachment":[{"href":"http:\/\/regionalhumanrights.org\/az\/index.php?rest_route=%2Fwp%2Fv2%2Fmedia&parent=478"}],"wp:term":[{"taxonomy":"category","embeddable":true,"href":"http:\/\/regionalhumanrights.org\/az\/index.php?rest_route=%2Fwp%2Fv2%2Fcategories&post=478"},{"taxonomy":"post_tag","embeddable":true,"href":"http:\/\/regionalhumanrights.org\/az\/index.php?rest_route=%2Fwp%2Fv2%2Ftags&post=478"}],"curies":[{"name":"wp","href":"https:\/\/api.w.org\/{rel}","templated":true}]}}