{"id":581,"date":"2011-11-03T17:24:17","date_gmt":"2011-11-03T13:24:17","guid":{"rendered":"http:\/\/regionalhumanrights.org\/az\/?p=581"},"modified":"2011-11-03T19:27:36","modified_gmt":"2011-11-03T15:27:36","slug":"bakida-beyn%c9%99lxalq-m%c9%99tbuat-institutunun-milli-komit%c9%99l%c9%99rinin-1-ci-toplantisi-kecirilir","status":"publish","type":"post","link":"http:\/\/regionalhumanrights.org\/az\/?p=581","title":{"rendered":"Bak\u0131da Beyn\u0259lxalq M\u0259tbuat \u0130nstitutunun Milli Komit\u0259l\u0259rinin 1-ci toplant\u0131s\u0131 ke\u00e7irilir"},"content":{"rendered":"<p style=\"text-align: justify;\">Bak\u0131da Beyn\u0259lxalq M\u0259tbuat \u0130nstitutunun (BM\u0130) Milli Komit\u0259l\u0259rinin (MK) s\u0259drl\u0259rinin \u201cMilli Komit\u0259l\u0259rin inki\u015faf platformas\u0131\u201d adl\u0131 1-ci toplant\u0131s\u0131 ke\u00e7irilir. BM\u0130-nin informasiya departamentind\u0259n APA-ya veril\u0259n m\u0259lumata g\u00f6r\u0259, ilk d\u0259f\u0259 ke\u00e7iril\u0259n bu toplant\u0131ya BM\u0130-nin direktoru Alison Makkanze, qurumun katibliyinin n\u00fcmay\u0259nd\u0259si Kristin Klint, MK-in r\u0259hb\u0259rl\u0259ri Karl-Eugene Eberle (Almaniya), Pavol Mudri (Slaveniya), Ravi Nara\u015fimhan (Hindistan), So-Vihan Hyon (\u015eimali Koreya), Rahim Adedoyin (Nigeriya) Ferai Tinc (T\u00fcrkiy\u0259) v\u0259 Latviyadan yeni \u00fczvl\u00fcy\u0259 q\u0259bul edil\u0259n Modris Audin\u015f qat\u0131l\u0131blar. Toplant\u0131n\u0131 a\u00e7an BM\u0130-nin Az\u0259rbaycan Milli Komit\u0259sinin r\u0259hb\u0259ri Umud R\u0259himo\u011flu qonaqlar\u0131 salamlayaraq onun \u00e7a\u011f\u0131r\u0131\u015f\u0131 il\u0259 Az\u0259rbaycana g\u0259l\u0259n BM\u0130-nin Milli Komit\u0259 r\u0259hb\u0259rl\u0259rin\u0259 t\u0259\u015f\u0259kk\u00fcr\u00fcn\u00fc bildirib. <!--more-->U. R\u0259himo\u011flu qeyd edib ki, Milli Komit\u0259 r\u0259hb\u0259rl\u0259rinin bir araya g\u0259lm\u0259si BM\u0130-nin t\u0259rc\u00fcmeyi-hal\u0131nda yeni bir s\u0259hif\u0259dir. U. R\u0259himo\u011flu, eyni zamanda, BM\u0130 direktoru A.Makkanzey\u0259 bu toplant\u0131n\u0131n realla\u015fmas\u0131nda g\u00f6st\u0259rdiyi d\u0259st\u0259y\u0259 g\u00f6r\u0259 minn\u0259tdarl\u0131q edib. Toplant\u0131n\u0131n m\u0259qs\u0259dind\u0259n v\u0259 qar\u015f\u0131ya qoyulan v\u0259zif\u0259l\u0259rind\u0259n dan\u0131\u015fan Milli Komit\u0259 r\u0259hb\u0259rind\u0259n sonra BM\u0130 direktoru A.Makkenzi \u00e7\u0131x\u0131\u015f edib. O, qonaqlar\u0131 salamlayaraq deyib ki, BM\u0130-nin Milli Komit\u0259l\u0259rinin 1-ci Bak\u0131 toplant\u0131s\u0131ndan \u00e7ox \u015fey g\u00f6zl\u0259yir. A. Makkanze BM\u0130-nin d\u00fcnyada s\u00f6z azadl\u0131\u011f\u0131n\u0131n m\u00fcdafi\u0259si istiqam\u0259tind\u0259 apar\u0131lan i\u015fl\u0259rd\u0259n dan\u0131\u015f\u0131b.<br \/>\nDaha sonra Az\u0259rbaycan M\u0259tbuat \u015euras\u0131n\u0131n s\u0259dri, BM\u0130-nin Az\u0259rbaycan Milli Komit\u0259sinin \u00fcz\u00fc \u018fflatun Ama\u015fova \u00e7\u0131x\u0131\u015f edib. \u018f.Ama\u015fov Az\u0259rbaycan medias\u0131n\u0131n real v\u0259ziyy\u0259tind\u0259n s\u00f6z a\u00e7araq son ill\u0259r Az\u0259rbaycanda s\u00f6z azadl\u0131\u011f\u0131n\u0131n qorunmas\u0131, k\u00fctl\u0259vi informasiya vasit\u0259l\u0259rinin maddi-texniki bazas\u0131n\u0131n yax\u015f\u0131la\u015fd\u0131r\u0131lmas\u0131 istiqam\u0259tind\u0259 apar\u0131lan i\u015fl\u0259rd\u0259n, o c\u00fcml\u0259d\u0259n \u00f6lk\u0259 medias\u0131n\u0131n m\u00f6vcud probleml\u0259rind\u0259n dan\u0131\u015f\u0131b.<br \/>\nG\u00fcn\u00fcn birinci yar\u0131s\u0131nda BM\u0130-nin katibliyinin n\u00fcmay\u0259nd\u0259si Kristin Klint BM\u0130-nin Milli Komit\u0259l\u0259ri bar\u0259d\u0259 t\u0259qdimat edib. K. Kristin eyni zamanda, 1-ci sessiyadak\u0131 m\u0259s\u0259l\u0259 &#8211; \u201cMilli komit\u0259l\u0259rinin rolunun m\u00fc\u0259yy\u0259nl\u0259\u015fdirilm\u0259si\u201dd\u0259n dan\u0131\u015f\u0131b. Milli Komit\u0259 s\u0259drl\u0259ri h\u0259r iki m\u00f6vzu \u0259traf\u0131nda m\u00fczakir\u0259l\u0259r apar\u0131b, fikir v\u0259 r\u0259yl\u0259rini bildiribl\u0259r. G\u00fcn\u00fcn ikinci yar\u0131s\u0131nda \u201cMilli Komit\u0259l\u0259rin M\u0259tbuat Azadl\u0131\u011f\u0131nda rolu\u201d m\u00f6vzusunda BM\u0130-nin Hindistan Milli Komit\u0259sinin r\u0259hb\u0259ri Ravi Nara\u015fimhan \u00e7\u0131x\u0131\u015f edib. Toplant\u0131 noyabr\u0131n 4-d\u0259 d\u0259 davam ed\u0259c\u0259k.<\/p>\n","protected":false},"excerpt":{"rendered":"<p>Bak\u0131da Beyn\u0259lxalq M\u0259tbuat \u0130nstitutunun (BM\u0130) Milli Komit\u0259l\u0259rinin (MK) s\u0259drl\u0259rinin \u201cMilli Komit\u0259l\u0259rin inki\u015faf platformas\u0131\u201d adl\u0131 1-ci toplant\u0131s\u0131 ke\u00e7irilir. BM\u0130-nin informasiya departamentind\u0259n APA-ya veril\u0259n m\u0259lumata g\u00f6r\u0259, ilk d\u0259f\u0259 ke\u00e7iril\u0259n bu toplant\u0131ya BM\u0130-nin direktoru Alison Makkanze, qurumun katibliyinin n\u00fcmay\u0259nd\u0259si Kristin Klint, MK-in r\u0259hb\u0259rl\u0259ri Karl-Eugene Eberle (Almaniya), Pavol Mudri (Slaveniya), Ravi Nara\u015fimhan (Hindistan), So-Vihan Hyon (\u015eimali Koreya), Rahim Adedoyin&#8230;<\/p>\n","protected":false},"author":1,"featured_media":582,"comment_status":"closed","ping_status":"closed","sticky":false,"template":"","format":"standard","meta":{"footnotes":""},"categories":[10,13],"tags":[],"_links":{"self":[{"href":"http:\/\/regionalhumanrights.org\/az\/index.php?rest_route=\/wp\/v2\/posts\/581"}],"collection":[{"href":"http:\/\/regionalhumanrights.org\/az\/index.php?rest_route=\/wp\/v2\/posts"}],"about":[{"href":"http:\/\/regionalhumanrights.org\/az\/index.php?rest_route=\/wp\/v2\/types\/post"}],"author":[{"embeddable":true,"href":"http:\/\/regionalhumanrights.org\/az\/index.php?rest_route=\/wp\/v2\/users\/1"}],"replies":[{"embeddable":true,"href":"http:\/\/regionalhumanrights.org\/az\/index.php?rest_route=%2Fwp%2Fv2%2Fcomments&post=581"}],"version-history":[{"count":2,"href":"http:\/\/regionalhumanrights.org\/az\/index.php?rest_route=\/wp\/v2\/posts\/581\/revisions"}],"predecessor-version":[{"id":584,"href":"http:\/\/regionalhumanrights.org\/az\/index.php?rest_route=\/wp\/v2\/posts\/581\/revisions\/584"}],"wp:featuredmedia":[{"embeddable":true,"href":"http:\/\/regionalhumanrights.org\/az\/index.php?rest_route=\/wp\/v2\/media\/582"}],"wp:attachment":[{"href":"http:\/\/regionalhumanrights.org\/az\/index.php?rest_route=%2Fwp%2Fv2%2Fmedia&parent=581"}],"wp:term":[{"taxonomy":"category","embeddable":true,"href":"http:\/\/regionalhumanrights.org\/az\/index.php?rest_route=%2Fwp%2Fv2%2Fcategories&post=581"},{"taxonomy":"post_tag","embeddable":true,"href":"http:\/\/regionalhumanrights.org\/az\/index.php?rest_route=%2Fwp%2Fv2%2Ftags&post=581"}],"curies":[{"name":"wp","href":"https:\/\/api.w.org\/{rel}","templated":true}]}}