{"id":1154,"date":"2014-04-17T01:41:45","date_gmt":"2014-04-16T20:41:45","guid":{"rendered":"http:\/\/regionalhumanrights.org\/az\/?p=1154"},"modified":"2014-04-18T14:46:07","modified_gmt":"2014-04-18T09:46:07","slug":"nidacilara-c%c9%99za-ist%c9%99nildi","status":"publish","type":"post","link":"https:\/\/regionalhumanrights.org\/az\/?p=1154","title":{"rendered":"\u00abN\u0130DA\u00bb\u00e7\u0131lara c\u0259za ist\u0259nildi"},"content":{"rendered":"<p style=\"text-align: justify;\"><a href=\"http:\/\/regionalhumanrights.org\/az\/wp-content\/uploads\/2013\/07\/gencler-11.jpg\"><img loading=\"lazy\" decoding=\"async\" class=\" wp-image-1055 alignleft\" alt=\"gencler 1\" src=\"http:\/\/regionalhumanrights.org\/az\/wp-content\/uploads\/2013\/07\/gencler-11-300x168.jpg\" width=\"240\" height=\"134\" srcset=\"https:\/\/regionalhumanrights.org\/az\/wp-content\/uploads\/2013\/07\/gencler-11-300x168.jpg 300w, https:\/\/regionalhumanrights.org\/az\/wp-content\/uploads\/2013\/07\/gencler-11-311x175.jpg 311w, https:\/\/regionalhumanrights.org\/az\/wp-content\/uploads\/2013\/07\/gencler-11.jpg 400w\" sizes=\"(max-width: 240px) 100vw, 240px\" \/><\/a>Bak\u0131 A\u011f\u0131r Cinay\u0259tl\u0259r M\u0259hk\u0259m\u0259sind\u0259 hakim Cavid H\u00fcseynovun s\u0259drliyi il\u0259 \u201cNIDA\u201d V\u0259t\u0259nda\u015f H\u0259r\u0259kat\u0131n\u0131n \u00fczvl\u0259ri v\u0259 Azad G\u0259nclik H\u0259r\u0259kat\u0131 \u00fczv\u00fcn\u00fcn cinay\u0259t i\u015fi \u00fczr\u0259 m\u0259hk\u0259m\u0259 prosesi davam etdirilib. D\u00fcn\u0259n ke\u00e7iril\u0259n prosesd\u0259 d\u00f6vl\u0259t ittiham\u00e7\u0131s\u0131 t\u0259qsirl\u0259ndiril\u0259n \u015f\u0259xsl\u0259r\u0259 c\u0259za ist\u0259yib. D\u00f6vl\u0259t ittiham\u00e7\u0131s\u0131 m\u0259hk\u0259m\u0259d\u0259n\u00a0 Zaur Qurbanl\u0131, \u0130lkin R\u00fcst\u0259mzad\u0259 v\u0259 R\u0259\u015fad\u0259t Axundovun 8 il 6 ay, R\u0259\u015fad H\u0259s\u0259nov, B\u0259xtiyar Quliyev v\u0259 M\u0259mm\u0259d \u018fzizovun 8 il, \u00dczeyir M\u0259mm\u0259dlinin 7 il 6 ay, \u015eahin Novruzlunun 6 il 6 ay m\u00fcdd\u0259tin\u0259 azadl\u0131qdan m\u0259hrum edilm\u0259sini xahi\u015f edib. <!--more-->Bundan sonra R.H\u0259s\u0259nov bildirib ki, m\u00fctt\u0259himl\u0259r h\u0259bsi qanunsuz hesab edirl\u0259r v\u0259 prokurorun \u00e7\u0131x\u0131\u015f\u0131na etiraz olaraq m\u00fcdd\u0259tsiz acl\u0131q aksiyas\u0131na ba\u015flayacaqlar.<br \/>\n\u201cAzad olunana q\u0259d\u0259r acl\u0131\u011f\u0131 davam etdir\u0259c\u0259yik\u201d, &#8211; o vur\u011fulay\u0131b.<br \/>\nV\u0259kil Fariz Namazl\u0131 prokurorun \u00e7\u0131x\u0131\u015f\u0131n\u0131 \u015f\u0259rh ed\u0259rk\u0259n bildirib ki, m\u0259hk\u0259m\u0259 istintaq\u0131 m\u00fctt\u0259himl\u0259rin g\u00fcnah\u0131n\u0131 s\u00fcbuta yetirm\u0259yib.<br \/>\n\u201cBu, siyasi prosesdir. Lakin prokuror he\u00e7 olmasa Quliyev v\u0259 R\u00fcst\u0259mzad\u0259nin \u00fcz\u0259rind\u0259 \u201cxuliqanl\u0131q\u201d madd\u0259si \u00fczr\u0259 ittiham\u0131\u00a0 (Harlem Shake fle\u015fmobu il\u0259 \u0259laq\u0259dar) g\u00f6t\u00fcrm\u0259lidir, \u00e7\u00fcnki bunun he\u00e7 saxta ittihamlara da aidiyyat\u0131 yoxdur\u201d, &#8211; o qeyd edib.<br \/>\nQeyd ed\u0259k ki, 8 m\u00fctt\u0259him 2013-c\u00fc ilin mart-aprel aylar\u0131ndan h\u0259bs olunub. Onlar orduda qeyri-d\u00f6y\u00fc\u015f itkil\u0259rin\u0259 etiraz olaraq mart\u0131n 10-da ke\u00e7iril\u0259n aksiya zaman\u0131 k\u00fctl\u0259vi i\u011fti\u015fa\u015flar\u0131n t\u0259\u015fkilind\u0259 ittiham olunurlar. Onlara qar\u015f\u0131 h\u0259m\u00e7inin qanunsuz partlay\u0131c\u0131 v\u0259 narkotik madd\u0259nin saxlanmas\u0131 ittiham\u0131 ir\u0259li s\u00fcr\u00fcl\u00fcb.\u00a0 Amnesty International h\u0259bs olunanlar\u0131 \u201cvicdan m\u0259hbusu\u201d adland\u0131r\u0131b.<br \/>\n\u0130\u015f \u00fczr\u0259 m\u0259hk\u0259m\u0259 prosesi aprelin 22-d\u0259 davam etdiril\u0259c\u0259k.<\/p>\n","protected":false},"excerpt":{"rendered":"<p>Bak\u0131 A\u011f\u0131r Cinay\u0259tl\u0259r M\u0259hk\u0259m\u0259sind\u0259 hakim Cavid H\u00fcseynovun s\u0259drliyi il\u0259 \u201cNIDA\u201d V\u0259t\u0259nda\u015f H\u0259r\u0259kat\u0131n\u0131n \u00fczvl\u0259ri v\u0259 Azad G\u0259nclik H\u0259r\u0259kat\u0131 \u00fczv\u00fcn\u00fcn cinay\u0259t i\u015fi \u00fczr\u0259 m\u0259hk\u0259m\u0259 prosesi davam etdirilib. D\u00fcn\u0259n ke\u00e7iril\u0259n prosesd\u0259 d\u00f6vl\u0259t ittiham\u00e7\u0131s\u0131 t\u0259qsirl\u0259ndiril\u0259n \u015f\u0259xsl\u0259r\u0259 c\u0259za ist\u0259yib. D\u00f6vl\u0259t ittiham\u00e7\u0131s\u0131 m\u0259hk\u0259m\u0259d\u0259n\u00a0 Zaur Qurbanl\u0131, \u0130lkin R\u00fcst\u0259mzad\u0259 v\u0259 R\u0259\u015fad\u0259t Axundovun 8 il 6 ay, R\u0259\u015fad H\u0259s\u0259nov, B\u0259xtiyar Quliyev v\u0259 M\u0259mm\u0259d \u018fzizovun&#8230;<\/p>\n","protected":false},"author":1,"featured_media":0,"comment_status":"closed","ping_status":"closed","sticky":false,"template":"","format":"standard","meta":{"footnotes":""},"categories":[9,13,8],"tags":[],"_links":{"self":[{"href":"https:\/\/regionalhumanrights.org\/az\/index.php?rest_route=\/wp\/v2\/posts\/1154"}],"collection":[{"href":"https:\/\/regionalhumanrights.org\/az\/index.php?rest_route=\/wp\/v2\/posts"}],"about":[{"href":"https:\/\/regionalhumanrights.org\/az\/index.php?rest_route=\/wp\/v2\/types\/post"}],"author":[{"embeddable":true,"href":"https:\/\/regionalhumanrights.org\/az\/index.php?rest_route=\/wp\/v2\/users\/1"}],"replies":[{"embeddable":true,"href":"https:\/\/regionalhumanrights.org\/az\/index.php?rest_route=%2Fwp%2Fv2%2Fcomments&post=1154"}],"version-history":[{"count":2,"href":"https:\/\/regionalhumanrights.org\/az\/index.php?rest_route=\/wp\/v2\/posts\/1154\/revisions"}],"predecessor-version":[{"id":1156,"href":"https:\/\/regionalhumanrights.org\/az\/index.php?rest_route=\/wp\/v2\/posts\/1154\/revisions\/1156"}],"wp:attachment":[{"href":"https:\/\/regionalhumanrights.org\/az\/index.php?rest_route=%2Fwp%2Fv2%2Fmedia&parent=1154"}],"wp:term":[{"taxonomy":"category","embeddable":true,"href":"https:\/\/regionalhumanrights.org\/az\/index.php?rest_route=%2Fwp%2Fv2%2Fcategories&post=1154"},{"taxonomy":"post_tag","embeddable":true,"href":"https:\/\/regionalhumanrights.org\/az\/index.php?rest_route=%2Fwp%2Fv2%2Ftags&post=1154"}],"curies":[{"name":"wp","href":"https:\/\/api.w.org\/{rel}","templated":true}]}}