{"id":1595,"date":"2017-08-29T16:38:53","date_gmt":"2017-08-29T11:38:53","guid":{"rendered":"http:\/\/regionalhumanrights.org\/az\/?p=1595"},"modified":"2018-01-26T17:03:56","modified_gmt":"2018-01-26T13:03:56","slug":"rihmm-t%c9%99rt%c9%99rd%c9%99-m%c9%99lumatlandirma-sessiyasi-kecirib","status":"publish","type":"post","link":"https:\/\/regionalhumanrights.org\/az\/?p=1595","title":{"rendered":"R\u0130HMM T\u0259rt\u0259rd\u0259 m\u0259lumatland\u0131rma sessiyas\u0131 ke\u00e7irib"},"content":{"rendered":"<p style=\"text-align: justify;\"><a href=\"http:\/\/regionalhumanrights.org\/az\/wp-content\/uploads\/2017\/08\/shekil-1.jpg\"><img loading=\"lazy\" decoding=\"async\" class=\"alignleft size-medium wp-image-1596\" alt=\"shekil 1\" src=\"http:\/\/regionalhumanrights.org\/az\/wp-content\/uploads\/2017\/08\/shekil-1-300x180.jpg\" width=\"300\" height=\"180\" srcset=\"https:\/\/regionalhumanrights.org\/az\/wp-content\/uploads\/2017\/08\/shekil-1-300x180.jpg 300w, https:\/\/regionalhumanrights.org\/az\/wp-content\/uploads\/2017\/08\/shekil-1-290x175.jpg 290w, https:\/\/regionalhumanrights.org\/az\/wp-content\/uploads\/2017\/08\/shekil-1.jpg 314w\" sizes=\"(max-width: 300px) 100vw, 300px\" \/><\/a>Regional \u0130nsan H\u00fcquqlar\u0131 v\u0259 Media M\u0259rk\u0259zi \u0130ctimai Birliyi Az\u0259rbaycan Respublikas\u0131n\u0131n Prezidenti Yan\u0131nda Qeyri-H\u00f6kum\u0259t T\u0259\u015fklatlar\u0131na D\u00f6vl\u0259t D\u0259st\u0259yi \u015euras\u0131n\u0131n d\u0259st\u0259yi il\u0259 T\u0259rt\u0259r rayonunda m\u0259lumatland\u0131rma sessiyas\u0131 ke\u00e7irib. &#8220;A\u00e7\u0131q h\u00f6kum\u0259t&#8221;in t\u0259\u015fviqi v\u0259 elektron xidm\u0259tl\u0259rd\u0259n istifad\u0259nin art\u0131r\u0131lmas\u0131na d\u0259st\u0259yin t\u0259\u015fkili&#8221; layih\u0259si \u00e7\u0259r\u00e7iv\u0259sind\u0259 ke\u00e7iril\u0259n t\u0259dbird\u0259 i\u015ftirak\u00e7\u0131lara A\u00e7\u0131q H\u00f6kum\u0259t T\u0259r\u0259fda\u015fl\u0131\u011f\u0131 T\u0259\u015f\u0259bb\u00fcs\u00fc, T\u0259\u015f\u0259bb\u00fcs\u00fcn Az\u0259rbaycanda\u00a0 t\u0259tbiqinin c\u0259miyy\u0259t \u00fc\u00e7\u00fcn \u0259h\u0259miyy\u0259ti, AHT t\u0259\u015f\u0259bb\u00fcs\u00fcn\u00fcn al\u0259tl\u0259rind\u0259n olan elektron xidm\u0259tl\u0259rl\u0259 ba\u011fl\u0131 m\u0259lumat verilib.<\/p>\n<p style=\"text-align: justify;\">T\u0259dbird\u0259 \u00e7\u0131x\u0131\u015f ed\u0259n T\u0259rt\u0259r Rayon \u0130cra Hakimiyy\u0259tinin \u0130ctimai-siyasi v\u0259 humanitar m\u0259s\u0259l\u0259l\u0259r \u015f\u00f6b\u0259sinin m\u00fcdir m\u00fcavini Elvin Umudov &#8220;A\u00e7\u0131q h\u00f6kum\u0259t&#8221;in t\u0259\u015fviqi v\u0259 elektron xidm\u0259tl\u0259rd\u0259n istifad\u0259nin art\u0131r\u0131lmas\u0131na d\u0259st\u0259yin t\u0259\u015fkili&#8221; layih\u0259sinin \u0259h\u0259miyy\u0259tind\u0259n dan\u0131\u015f\u0131b.<\/p>\n<p style=\"text-align: justify;\"><a href=\"http:\/\/regionalhumanrights.org\/az\/wp-content\/uploads\/2017\/08\/shekil-2.jpg\"><img loading=\"lazy\" decoding=\"async\" class=\"alignleft size-medium wp-image-1597\" alt=\"shekil 2\" src=\"http:\/\/regionalhumanrights.org\/az\/wp-content\/uploads\/2017\/08\/shekil-2-300x199.jpg\" width=\"300\" height=\"199\" srcset=\"https:\/\/regionalhumanrights.org\/az\/wp-content\/uploads\/2017\/08\/shekil-2-300x199.jpg 300w, https:\/\/regionalhumanrights.org\/az\/wp-content\/uploads\/2017\/08\/shekil-2-262x175.jpg 262w, https:\/\/regionalhumanrights.org\/az\/wp-content\/uploads\/2017\/08\/shekil-2.jpg 314w\" sizes=\"(max-width: 300px) 100vw, 300px\" \/><\/a>Bildirilib ki, layih\u0259nin m\u0259qs\u0259di m\u0259lumatland\u0131rma yolu il\u0259 Az\u0259rbaycanda A\u00e7\u0131q H\u00f6kum\u0259t T\u0259r\u0259fda\u015fl\u0131\u011f\u0131 (AHT) T\u0259\u015f\u0259bb\u00fcs\u00fcn\u00fcn t\u0259tbiqin\u0259 d\u0259st\u0259k verilm\u0259si, elektron xidm\u0259tl\u0259rd\u0259n istifad\u0259 etm\u0259kd\u0259 \u00e7\u0259tinlikl\u0259 \u00fczl\u0259\u015f\u0259n region sakinl\u0259rin\u0259\u00a0 xidm\u0259td\u0259n yararlanmaq imkanlar\u0131n\u0131n yarad\u0131lmas\u0131d\u0131r.<\/p>\n<p style=\"text-align: justify;\">T\u0259dbird\u0259 \u00a0\u00e7\u0131x\u0131\u015f ed\u0259n Regional \u0130nsan H\u00fcquqlar\u0131 v\u0259 Media M\u0259rk\u0259zinin s\u0259dri Xalid Kaz\u0131mov bildirib ki, Az\u0259rbaycan AHT t\u0259\u015f\u0259bb\u00fcs\u0259 qo\u015fulan ilk \u00f6lk\u0259l\u0259rd\u0259n biridir: &#8220;Haz\u0131rda 75-d\u0259n art\u0131q \u00f6lk\u0259 t\u0259\u015f\u0259bb\u00fcs\u00fc d\u0259st\u0259kl\u0259yir. Az\u0259rbaycan 2011-ci ild\u0259n A\u00e7\u0131q H\u00f6kum\u0259t T\u0259\u015f\u0259bb\u00fcs\u00fcn\u00fcn d\u0259st\u0259kl\u0259diyini b\u0259yan edib. 2016-c\u0131 ilin may\u0131n 4-d\u0259 Az\u0259rbaycan\u0131n statusu m\u00fcv\u0259qq\u0259ti dondurulsa da, \u00f6lk\u0259miz prosesi davam etdir\u0259c\u0259yini b\u0259yan edib. Az\u0259rbaycanla ba\u011fl\u0131 m\u0259s\u0259l\u0259 bu il iyunun 28-d\u0259 Va\u015finqtonda A\u00e7\u0131q H\u00f6kum\u0259t T\u0259r\u0259fda\u015fl\u0131\u011f\u0131 T\u0259\u015f\u0259bb\u00fcs\u00fcn\u00fcn R\u0259hb\u0259r Komit\u0259si t\u0259r\u0259find\u0259n m\u00fczakir\u0259 edilib. M\u00fczakir\u0259l\u0259r zaman\u0131 Az\u0259rbaycan\u0131n 1 il \u0259rzind\u0259 \u00f6hd\u0259likl\u0259r\u0259 nec\u0259 \u0259m\u0259l etm\u0259si il\u0259 ba\u011fl\u0131 m\u00fczakir\u0259l\u0259r apar\u0131l\u0131b. Az\u0259rbaycanda m\u00fcsb\u0259t d\u0259yi\u015fiklikl\u0259r istiqam\u0259tind\u0259 at\u0131lm\u0131\u015f add\u0131mlar alq\u0131\u015flan\u0131b. Bununla bel\u0259 probleml\u0259r tam h\u0259ll edilm\u0259diyind\u0259n Az\u0259rbaycan\u0131n statusunun &#8220;qeyri-aktiv&#8221; elan edilm\u0259si il\u0259 ba\u011fl\u0131 q\u0259rar\u0131n m\u00fcdd\u0259ti daha 1 il m\u00fcdd\u0259tin\u0259 art\u0131r\u0131l\u0131b&#8221;.<\/p>\n<p style=\"text-align: justify;\"><a href=\"http:\/\/regionalhumanrights.org\/az\/wp-content\/uploads\/2017\/08\/shekil-4.jpg\"><img loading=\"lazy\" decoding=\"async\" class=\"alignleft size-medium wp-image-1599\" alt=\"shekil 4\" src=\"http:\/\/regionalhumanrights.org\/az\/wp-content\/uploads\/2017\/08\/shekil-4-300x177.jpg\" width=\"300\" height=\"177\" srcset=\"https:\/\/regionalhumanrights.org\/az\/wp-content\/uploads\/2017\/08\/shekil-4-300x177.jpg 300w, https:\/\/regionalhumanrights.org\/az\/wp-content\/uploads\/2017\/08\/shekil-4-295x175.jpg 295w, https:\/\/regionalhumanrights.org\/az\/wp-content\/uploads\/2017\/08\/shekil-4.jpg 314w\" sizes=\"(max-width: 300px) 100vw, 300px\" \/><\/a>\u201cA\u00e7\u0131q h\u00f6kum\u0259tin t\u0259\u015fviqin\u0259 dair 2016-2018-ci ill\u0259r \u00fc\u00e7\u00fcn Milli F\u0259aliyy\u0259t Plan\u0131\u201d bar\u0259d\u0259 m\u0259lumat ver\u0259n X.Kaz\u0131mov bildirib ki, \u00f6lk\u0259mizd\u0259 A\u00e7\u0131q H\u00f6kum\u0259t T\u0259r\u0259fda\u015fl\u0131\u011f\u0131 T\u0259\u015f\u0259bb\u00fcs\u00fcn\u00fcn t\u0259tbiqi istiqam\u0259tind\u0259 ciddi add\u0131mlar at\u0131lmaqdad\u0131r: &#8220;F\u0259aliyy\u0259t plan\u0131n\u0131n icras\u0131 n\u0259tic\u0259sind\u0259 \u015f\u0259ffafl\u0131\u011f\u0131n t\u0259min olunmas\u0131, m\u0259mur-v\u0259t\u0259nda\u015f t\u0259maslar\u0131n\u0131n aradan qald\u0131r\u0131lmas\u0131na yard\u0131m ed\u0259n elektron xidm\u0259tl\u0259rin say\u0131 art\u0131r\u0131l\u0131b. Plan 11 istiqam\u0259t \u00fczr\u0259 qrupla\u015fd\u0131r\u0131lm\u0131\u015f 59\u00a0 t\u0259dbiri \u0259hat\u0259 edir.\u00a0 Art\u0131q f\u0259aliyy\u0259t plan\u0131nda n\u0259z\u0259rd\u0259 tutulan t\u0259dbirl\u0259rin xeyli hiss\u0259si icra edilib. Eyni zamanda yax\u0131n zamanlarda f\u0259aliyy\u0259t plan\u0131n\u0131n monitorinqi h\u0259yata ke\u00e7iril\u0259c\u0259k&#8221;.<\/p>\n<p style=\"text-align: justify;\"><a href=\"http:\/\/regionalhumanrights.org\/az\/wp-content\/uploads\/2017\/08\/shekil-3.jpg\"><img loading=\"lazy\" decoding=\"async\" class=\"alignleft size-medium wp-image-1598\" alt=\"shekil 3\" src=\"http:\/\/regionalhumanrights.org\/az\/wp-content\/uploads\/2017\/08\/shekil-3-300x194.jpg\" width=\"300\" height=\"194\" srcset=\"https:\/\/regionalhumanrights.org\/az\/wp-content\/uploads\/2017\/08\/shekil-3-300x194.jpg 300w, https:\/\/regionalhumanrights.org\/az\/wp-content\/uploads\/2017\/08\/shekil-3-269x175.jpg 269w, https:\/\/regionalhumanrights.org\/az\/wp-content\/uploads\/2017\/08\/shekil-3.jpg 314w\" sizes=\"(max-width: 300px) 100vw, 300px\" \/><\/a>Daha sonra \u00e7\u0131x\u0131\u015f N\u0259qliyyat, Rabit\u0259 v\u0259 Y\u00fcks\u0259k Texnologiyalar Nazirliyinin M\u0259lumat Hesablama M\u0259rk\u0259zinin eksperti Ruslan M\u00fcrs\u0259lov i\u015ftirak\u00e7\u0131lara\u00a0 elektron xidm\u0259tl\u0259rin \u00fcst\u00fcnl\u00fckl\u0259ri, &#8220;Elektron h\u00f6kum\u0259t&#8221; portal\u0131 il\u0259 ba\u011fl\u0131 m\u0259lumat verib: \u201cElektron h\u00f6kum\u0259t\u201d &#8211; m\u00fcasir informasiya texnologiyalar\u0131ndan istifad\u0259 etm\u0259kl\u0259 d\u00f6vl\u0259t qurumlar\u0131\u00a0 t\u0259r\u0259find\u0259n v\u0259t\u0259nda\u015flara, sahibkarlara v\u0259 d\u00f6vl\u0259t qulluq\u00e7ular\u0131na \u201cvahid p\u0259nc\u0259r\u0259\u201d prinsipi \u0259sas\u0131nda\u00a0 elektron xidm\u0259tl\u0259rin g\u00f6st\u0259rilm\u0259sin\u0259 \u015f\u0259rait yaradan sistemdir. \u201cElektron h\u00f6kum\u0259t\u201d\u00a0 vasit\u0259si il\u0259 h\u0259r bir v\u0259t\u0259nda\u015f d\u00f6vl\u0259t t\u0259\u015fkilatlar\u0131 v\u0259 ictimai xidm\u0259t g\u00f6st\u0259r\u0259n dig\u0259r qurumlar t\u0259r\u0259find\u0259n t\u0259qdim edil\u0259n xidm\u0259tl\u0259r\u0259 asanl\u0131qla \u00e7atmaq imkanlar\u0131na malikdir. Haz\u0131rda \u201cElektron h\u00f6kum\u0259t\u201d portal\u0131nda 454 elektron xidm\u0259t m\u00f6vcuddur. Bu xidm\u0259tl\u0259rin \u0259ks\u0259riyy\u0259ti insanlar\u0131n z\u0259ruri ehtiyac duydu\u011fu xidm\u0259tl\u0259rdir. Portal haz\u0131rda i\u015ftirak\u00e7\u0131lara \u201cElektron h\u00f6kum\u0259t\u201d portal\u0131nda qeydiyyatdan ke\u00e7m\u0259k \u00fc\u00e7\u00fcn m\u00f6vcud olan 4 autentifikasiya\u00a0 (tan\u0131ma, identikl\u0259\u015fdirm\u0259) vasit\u0259si t\u0259qdim edir. \u0130stifad\u0259\u00e7i ona rahat olan h\u0259min vasit\u0259l\u0259rd\u0259n birini se\u00e7m\u0259kl\u0259 portala giri\u015f ed\u0259 bil\u0259r. Bunlar \u201cE-imza\u201d kart\u0131, \u201cE-Gov\u201d mobil identifikas\u0131 vasit\u0259si, \u201cElektron h\u00f6kum\u0259t\u201d portal\u0131 t\u0259r\u0259find\u0259n v\u0259t\u0259nda\u015fa veril\u0259n kod\/parol v\u0259 \u201cAsan imza\u201dd\u0131r. \u201cElektron h\u00f6kum\u0259t\u201d portal\u0131\u00a0 vasit\u0259si il\u0259 \u0259ks\u0259r d\u00f6vl\u0259t qurumlar\u0131 \u00f6z xidm\u0259tl\u0259rini t\u0259qdim edirl\u0259r. Haz\u0131rda \u0259n \u00e7ox istifad\u0259 edil\u0259n xidm\u0259tl\u0259r\u00a0 s\u0131ras\u0131nda \u018fm\u0259k v\u0259 \u018fhalinin Sosial M\u00fcdafi\u0259si Nazirliyinin g\u00f6st\u0259rdiyi xidm\u0259tl\u0259rdir. Portalda, h\u0259m\u00e7inin, 17 n\u00f6v aray\u0131\u015f\u0131n elektron qaydada verilm\u0259si imkan\u0131 yarad\u0131l\u0131b ki, buna da maraq b\u00f6y\u00fckd\u00fcr\u201d.<\/p>\n","protected":false},"excerpt":{"rendered":"<p>Regional \u0130nsan H\u00fcquqlar\u0131 v\u0259 Media M\u0259rk\u0259zi \u0130ctimai Birliyi Az\u0259rbaycan Respublikas\u0131n\u0131n Prezidenti Yan\u0131nda Qeyri-H\u00f6kum\u0259t T\u0259\u015fklatlar\u0131na D\u00f6vl\u0259t D\u0259st\u0259yi \u015euras\u0131n\u0131n d\u0259st\u0259yi il\u0259 T\u0259rt\u0259r rayonunda m\u0259lumatland\u0131rma sessiyas\u0131 ke\u00e7irib. &#8220;A\u00e7\u0131q h\u00f6kum\u0259t&#8221;in t\u0259\u015fviqi v\u0259 elektron xidm\u0259tl\u0259rd\u0259n istifad\u0259nin art\u0131r\u0131lmas\u0131na d\u0259st\u0259yin t\u0259\u015fkili&#8221; layih\u0259si \u00e7\u0259r\u00e7iv\u0259sind\u0259 ke\u00e7iril\u0259n t\u0259dbird\u0259 i\u015ftirak\u00e7\u0131lara A\u00e7\u0131q H\u00f6kum\u0259t T\u0259r\u0259fda\u015fl\u0131\u011f\u0131 T\u0259\u015f\u0259bb\u00fcs\u00fc, T\u0259\u015f\u0259bb\u00fcs\u00fcn Az\u0259rbaycanda\u00a0 t\u0259tbiqinin c\u0259miyy\u0259t \u00fc\u00e7\u00fcn \u0259h\u0259miyy\u0259ti, AHT t\u0259\u015f\u0259bb\u00fcs\u00fcn\u00fcn al\u0259tl\u0259rind\u0259n olan elektron xidm\u0259tl\u0259rl\u0259&#8230;<\/p>\n","protected":false},"author":1,"featured_media":0,"comment_status":"closed","ping_status":"closed","sticky":false,"template":"","format":"standard","meta":{"footnotes":""},"categories":[12,7,11,13],"tags":[],"_links":{"self":[{"href":"https:\/\/regionalhumanrights.org\/az\/index.php?rest_route=\/wp\/v2\/posts\/1595"}],"collection":[{"href":"https:\/\/regionalhumanrights.org\/az\/index.php?rest_route=\/wp\/v2\/posts"}],"about":[{"href":"https:\/\/regionalhumanrights.org\/az\/index.php?rest_route=\/wp\/v2\/types\/post"}],"author":[{"embeddable":true,"href":"https:\/\/regionalhumanrights.org\/az\/index.php?rest_route=\/wp\/v2\/users\/1"}],"replies":[{"embeddable":true,"href":"https:\/\/regionalhumanrights.org\/az\/index.php?rest_route=%2Fwp%2Fv2%2Fcomments&post=1595"}],"version-history":[{"count":4,"href":"https:\/\/regionalhumanrights.org\/az\/index.php?rest_route=\/wp\/v2\/posts\/1595\/revisions"}],"predecessor-version":[{"id":1663,"href":"https:\/\/regionalhumanrights.org\/az\/index.php?rest_route=\/wp\/v2\/posts\/1595\/revisions\/1663"}],"wp:attachment":[{"href":"https:\/\/regionalhumanrights.org\/az\/index.php?rest_route=%2Fwp%2Fv2%2Fmedia&parent=1595"}],"wp:term":[{"taxonomy":"category","embeddable":true,"href":"https:\/\/regionalhumanrights.org\/az\/index.php?rest_route=%2Fwp%2Fv2%2Fcategories&post=1595"},{"taxonomy":"post_tag","embeddable":true,"href":"https:\/\/regionalhumanrights.org\/az\/index.php?rest_route=%2Fwp%2Fv2%2Ftags&post=1595"}],"curies":[{"name":"wp","href":"https:\/\/api.w.org\/{rel}","templated":true}]}}