{"id":2170,"date":"2023-04-26T16:01:00","date_gmt":"2023-04-26T12:01:00","guid":{"rendered":"https:\/\/regionalhumanrights.org\/az\/?p=2170"},"modified":"2023-04-27T22:14:19","modified_gmt":"2023-04-27T18:14:19","slug":"regional-insan-huquqlari-v%c9%99-media-m%c9%99rk%c9%99zi-yeni-layih%c9%99nin-icrasina-baslayir-2","status":"publish","type":"post","link":"https:\/\/regionalhumanrights.org\/az\/?p=2170","title":{"rendered":"Regionlarda h\u0259ssas qruplardan olan \u015f\u0259xsl\u0259r\u0259 h\u00fcquq xidm\u0259ti g\u00f6st\u0259ril\u0259c\u0259k"},"content":{"rendered":"\n<p>Regional \u0130nsan H\u00fcquqlar\u0131 v\u0259 Media M\u0259rk\u0259zi yeni layih\u0259nin icras\u0131na ba\u015flay\u0131r. Bu layih\u0259 Avropa \u0130ttifaq\u0131 t\u0259r\u0259find\u0259n maliyy\u0259l\u0259\u015fdiril\u0259n v\u0259 BMT-nin \u0130nsan H\u00fcquqlar\u0131 \u00fczr\u0259 Ali Komissarl\u0131\u011f\u0131 t\u0259r\u0259find\u0259n h\u0259yata ke\u00e7iril\u0259n \u201cAz\u0259rbaycanda H\u0259ssas Qruplar\u0131n H\u00fcquqlar\u0131n\u0131n M\u00fcdafi\u0259si\u201d layih\u0259si&nbsp;\u00e7\u0259r\u00e7iv\u0259sind\u0259 h\u0259yata ke\u00e7irilir. &nbsp;<\/p>\n\n\n\n<p>Regional \u0130nsan H\u00fcquqlar\u0131 v\u0259 Media M\u0259rk\u0259zi \u201cH\u0259ssas v\u0259ziyy\u0259td\u0259 olan qruplardan olan insanlara h\u00fcquqi d\u0259st\u0259k\u201d layih\u0259sini 10 ay m\u00fcdd\u0259tind\u0259 icra ed\u0259c\u0259k. Layih\u0259nin m\u0259qs\u0259di m\u00fcharib\u0259d\u0259n z\u0259r\u0259r\u00e7\u0259k\u0259n \u015f\u0259xsl\u0259r\u0259 v\u0259&nbsp; h\u00fcquqi xidm\u0259t almaq imkan\u0131 olmayan azt\u0259minatl\u0131 \u015f\u0259xsl\u0259r\u0259 pulsuz h\u00fcquqi konsultasiya xidm\u0259ti g\u00f6st\u0259rm\u0259kdir. T\u0259\u015fkilat layih\u0259 \u00e7\u0259r\u00e7iv\u0259sind\u0259 m\u00fcharib\u0259d\u0259n z\u0259r\u0259r\u00e7\u0259k\u0259n \u015f\u0259xsl\u0259r, azt\u0259minatl\u0131 region sakinl\u0259rinin h\u00fcquqlar\u0131n\u0131n b\u0259rpas\u0131 istiqam\u0259tind\u0259 f\u0259aliyy\u0259t g\u00f6st\u0259r\u0259c\u0259k. Benefisiarlar\u0131n aidiyy\u0259ti orqanlara m\u00fcraci\u0259tl\u0259rinin haz\u0131rlanmas\u0131, d\u00f6vl\u0259t qurumlar\u0131na \u0259riz\u0259l\u0259rin yaz\u0131lmas\u0131, m\u0259hk\u0259m\u0259d\u0259 m\u00fcdafi\u0259si v\u0259 dig\u0259r h\u00fcquqi m\u00fcdafi\u0259 t\u0259dbirl\u0259ri il\u0259 onlar\u0131n sosial h\u00fcquqlar\u0131n\u0131n b\u0259rpas\u0131na k\u00f6m\u0259k edil\u0259c\u0259k. H\u0259m\u00e7inin, benefisiarlar t\u0259\u015fkilat\u0131n B\u0259rd\u0259 rayonundak\u0131 ofisind\u0259 v\u0259 h\u0259m\u00e7inin, A\u011fdam, T\u0259rt\u0259r, A\u011fcab\u0259di, Goranboy v\u0259 Naftalana s\u0259f\u0259r edil\u0259rl\u0259r\u0259k ehtyac\u0131 olanlara pulsuz h\u00fcquqi konsultasiya xidm\u0259ti g\u00f6st\u0259ril\u0259c\u0259k. Bundan \u0259lav\u0259, azt\u0259minatl\u0131 \u015f\u0259xsl\u0259r \u201cQaynar x\u0259tt\u201d (+994702902299) xidm\u0259ti, \u201cfacebook\u201d (<a href=\"https:\/\/www.facebook.com\/huquqi.yardim.37\" target=\"_blank\" rel=\"noreferrer noopener\">https:\/\/www.facebook.com\/huquqi.yardim.37<\/a>), \u201cinstagram\u201d (<a href=\"https:\/\/www.instagram.com\/huquqiyardim_pulsuz\/\" target=\"_blank\" rel=\"noreferrer noopener\">https:\/\/www.instagram.com\/huquqiyardim_pulsuz<\/a><a href=\"https:\/\/www.instagram.com\/huquqiyardim_pulsuz\/\">\/<\/a>) v\u0259 \u201cWhatsApp\u201d (+994702902299) vasit\u0259sil\u0259 d\u0259 pulsuz h\u00fcquqi konsultasiya xidm\u0259ti ala bil\u0259c\u0259kl\u0259r. Bu f\u0259aliyy\u0259tl\u0259r d\u0259 region sakinl\u0259rinin sosial v\u0259ziyy\u0259tinin yax\u015f\u0131la\u015fmas\u0131na k\u00f6m\u0259k ed\u0259c\u0259k.<\/p>\n\n\n\n<p>Bundan ba\u015fqa v\u0259t\u0259nda\u015flar\u0131 h\u00fcquqlar\u0131 il\u0259 ba\u011fl\u0131 maarifl\u0259ndirm\u0259k \u00fc\u00e7\u00fcn onlayn media resurslar\u0131, \u201cfacebook\u201d v\u0259 \u201cinstagram\u201d s\u0259hif\u0259l\u0259ri vasit\u0259sil\u0259 m\u0259lumatlar payla\u015f\u0131lacaq. Layih\u0259 m\u00fcdd\u0259tind\u0259 ayda iki video olmaqla, \u0259n \u00e7ox soru\u015fulan qanun pozuntular\u0131n\u0131n nec\u0259 h\u0259ll olunaca\u011f\u0131na dair h\u00fcquq\u015f\u00fcnas izahat\u0131 il\u0259 layih\u0259 m\u00fcdd\u0259tind\u0259 20 video \u00e7\u0259kil\u0259r\u0259k \u201cYoutube\u201d (<a href=\"https:\/\/www.youtube.com\/@pulsuzhuquqiyardim\" target=\"_blank\" rel=\"noreferrer noopener\">https:\/\/www.youtube.com\/@pulsuzhuquqiyardim<\/a>) s\u0259hif\u0259si vasit\u0259si il\u0259 payla\u015f\u0131lacaq.<\/p>\n","protected":false},"excerpt":{"rendered":"<p>Regional \u0130nsan H\u00fcquqlar\u0131 v\u0259 Media M\u0259rk\u0259zi yeni layih\u0259nin icras\u0131na ba\u015flay\u0131r. Bu layih\u0259 Avropa \u0130ttifaq\u0131 t\u0259r\u0259find\u0259n maliyy\u0259l\u0259\u015fdiril\u0259n v\u0259 BMT-nin \u0130nsan H\u00fcquqlar\u0131 \u00fczr\u0259 Ali Komissarl\u0131\u011f\u0131 t\u0259r\u0259find\u0259n h\u0259yata ke\u00e7iril\u0259n \u201cAz\u0259rbaycanda H\u0259ssas Qruplar\u0131n H\u00fcquqlar\u0131n\u0131n M\u00fcdafi\u0259si\u201d layih\u0259si&nbsp;\u00e7\u0259r\u00e7iv\u0259sind\u0259 h\u0259yata ke\u00e7irilir. &nbsp; Regional \u0130nsan H\u00fcquqlar\u0131 v\u0259 Media M\u0259rk\u0259zi \u201cH\u0259ssas v\u0259ziyy\u0259td\u0259 olan qruplardan olan insanlara h\u00fcquqi d\u0259st\u0259k\u201d layih\u0259sini 10 ay m\u00fcdd\u0259tind\u0259 icra ed\u0259c\u0259k&#8230;.<\/p>\n","protected":false},"author":3,"featured_media":2171,"comment_status":"closed","ping_status":"closed","sticky":false,"template":"","format":"standard","meta":{"footnotes":""},"categories":[12,13],"tags":[],"_links":{"self":[{"href":"https:\/\/regionalhumanrights.org\/az\/index.php?rest_route=\/wp\/v2\/posts\/2170"}],"collection":[{"href":"https:\/\/regionalhumanrights.org\/az\/index.php?rest_route=\/wp\/v2\/posts"}],"about":[{"href":"https:\/\/regionalhumanrights.org\/az\/index.php?rest_route=\/wp\/v2\/types\/post"}],"author":[{"embeddable":true,"href":"https:\/\/regionalhumanrights.org\/az\/index.php?rest_route=\/wp\/v2\/users\/3"}],"replies":[{"embeddable":true,"href":"https:\/\/regionalhumanrights.org\/az\/index.php?rest_route=%2Fwp%2Fv2%2Fcomments&post=2170"}],"version-history":[{"count":2,"href":"https:\/\/regionalhumanrights.org\/az\/index.php?rest_route=\/wp\/v2\/posts\/2170\/revisions"}],"predecessor-version":[{"id":2174,"href":"https:\/\/regionalhumanrights.org\/az\/index.php?rest_route=\/wp\/v2\/posts\/2170\/revisions\/2174"}],"wp:featuredmedia":[{"embeddable":true,"href":"https:\/\/regionalhumanrights.org\/az\/index.php?rest_route=\/wp\/v2\/media\/2171"}],"wp:attachment":[{"href":"https:\/\/regionalhumanrights.org\/az\/index.php?rest_route=%2Fwp%2Fv2%2Fmedia&parent=2170"}],"wp:term":[{"taxonomy":"category","embeddable":true,"href":"https:\/\/regionalhumanrights.org\/az\/index.php?rest_route=%2Fwp%2Fv2%2Fcategories&post=2170"},{"taxonomy":"post_tag","embeddable":true,"href":"https:\/\/regionalhumanrights.org\/az\/index.php?rest_route=%2Fwp%2Fv2%2Ftags&post=2170"}],"curies":[{"name":"wp","href":"https:\/\/api.w.org\/{rel}","templated":true}]}}