{"id":2201,"date":"2023-07-05T15:52:00","date_gmt":"2023-07-05T11:52:00","guid":{"rendered":"https:\/\/regionalhumanrights.org\/az\/?p=2201"},"modified":"2023-07-05T18:20:10","modified_gmt":"2023-07-05T14:20:10","slug":"agdam-v%c9%99-naftalanda-38-n%c9%99f%c9%99r%c9%99-huquqi-yardim-gost%c9%99rilib","status":"publish","type":"post","link":"https:\/\/regionalhumanrights.org\/az\/?p=2201","title":{"rendered":"A\u011fdam v\u0259 Naftalanda 38 n\u0259f\u0259r\u0259 h\u00fcquqi yard\u0131m g\u00f6st\u0259rilib"},"content":{"rendered":"\n<p>Regional \u0130nsan H\u00fcquqlar\u0131 v\u0259 Media M\u0259rk\u0259zi A\u011fdam rayonu v\u0259 Naftalan \u015f\u0259h\u0259rind\u0259 h\u0259ssas qrupdan olan \u015f\u0259xsl\u0259r\u0259 h\u00fcquqi konsultasiya xidm\u0259ti g\u00f6st\u0259rib. T\u0259\u015fkilat\u0131n icra etdiyi \u201cH\u0259ssas v\u0259ziyy\u0259td\u0259 olan qruplardan olan insanlara h\u00fcquqi d\u0259st\u0259k\u201d layih\u0259si \u00e7\u0259r\u00e7iv\u0259sind\u0259 ke\u00e7iril\u0259n q\u0259bulda v\u0259t\u0259nda\u015flar \u00fcmumilikd\u0259 v\u0259 f\u0259rdi qaydada q\u0259bul edilib.<\/p>\n\n\n\n<p>A\u011fdam rayonunda ke\u00e7iril\u0259n v\u0259t\u0259nda\u015f q\u0259bulunda 20 n\u0259f\u0259rin problemi dinl\u0259nilib. Layih\u0259nin h\u00fcquq\u015f\u00fcnas\u0131 Araz Nurm\u0259mm\u0259dov t\u0259r\u0259find\u0259n m\u00fcraci\u0259t ed\u0259nl\u0259r\u0259 h\u00fcquqi konsultasiya xidm\u0259ti g\u00f6st\u0259rilib. M\u00fcraci\u0259t ed\u0259n 20 n\u0259f\u0259rd\u0259n 8 n\u0259f\u0259ri m\u00fcharib\u0259 i\u015ftirak\u00e7\u0131s\u0131, 6 n\u0259f\u0259ri qazi, 2 n\u0259f\u0259ri m\u00fcharib\u0259 veteran\u0131, qalan 4 n\u0259f\u0259ri dig\u0259r h\u0259ssas qrupdan olan azt\u0259minatl\u0131 \u015f\u0259xs olub.<\/p>\n\n\n\n<figure class=\"wp-block-image size-full\"><a href=\"https:\/\/regionalhumanrights.org\/az\/wp-content\/uploads\/2023\/07\/Agdam-huquqi-konsultasiya-2-1.jpg\"><img loading=\"lazy\" decoding=\"async\" width=\"1024\" height=\"680\" src=\"https:\/\/regionalhumanrights.org\/az\/wp-content\/uploads\/2023\/07\/Agdam-huquqi-konsultasiya-2-1.jpg\" alt=\"\" class=\"wp-image-2222\" srcset=\"https:\/\/regionalhumanrights.org\/az\/wp-content\/uploads\/2023\/07\/Agdam-huquqi-konsultasiya-2-1.jpg 1024w, https:\/\/regionalhumanrights.org\/az\/wp-content\/uploads\/2023\/07\/Agdam-huquqi-konsultasiya-2-1-300x200.jpg 300w, https:\/\/regionalhumanrights.org\/az\/wp-content\/uploads\/2023\/07\/Agdam-huquqi-konsultasiya-2-1-768x510.jpg 768w, https:\/\/regionalhumanrights.org\/az\/wp-content\/uploads\/2023\/07\/Agdam-huquqi-konsultasiya-2-1-820x545.jpg 820w\" sizes=\"(max-width: 1024px) 100vw, 1024px\" \/><\/a><figcaption class=\"wp-element-caption\">A\u011fdam rayonu<\/figcaption><\/figure>\n\n\n\n<p>Naftalan \u015f\u0259h\u0259rind\u0259 ke\u00e7iril\u0259n g\u00f6r\u00fc\u015fd\u0259 is\u0259 18 n\u0259f\u0259r q\u0259bul edilib. Onlardan 16 n\u0259f\u0259ri m\u00fcharib\u0259 i\u015ftirak\u00e7\u0131s\u0131, 1 n\u0259f\u0259ri m\u00fcharib\u0259d\u0259n z\u0259r\u0259r \u00e7\u0259k\u0259n \u015f\u0259xs, 1 n\u0259f\u0259ri m\u00fcharib\u0259 i\u015ftirak\u00e7\u0131s\u0131n\u0131n ail\u0259 \u00fczv\u00fc olub.<\/p>\n\n\n\n<p>M\u00fcraci\u0259t\u00e7il\u0259rin \u0259sas probleml\u0259ri M\u00fcharib\u0259 veteran\u0131 ad\u0131n\u0131n verilm\u0259m\u0259si, \u0259lilliyin dayand\u0131r\u0131lmas\u0131, \u0259lillik t\u0259yinat\u0131ndan imtina, m\u00fcharib\u0259d\u0259n z\u0259r\u0259r \u00e7\u0259k\u0259n \u015f\u0259xsl\u0259rin m\u00fcalic\u0259 v\u0259 m\u00fcayin\u0259si, m\u0259\u015f\u011fullu\u011fun t\u0259min edilm\u0259si il\u0259 ba\u011fl\u0131 olub. Probleml\u0259rin h\u0259lli il\u0259 ba\u011fl\u0131 12 n\u0259f\u0259rin d\u00f6vl\u0259t qurumlar\u0131na m\u00fcraci\u0259ti haz\u0131rlanaraq yerind\u0259 v\u0259t\u0259nda\u015fa t\u0259qdim edilib. Dig\u0259r \u015f\u0259xsl\u0259rin &nbsp;probleminin h\u0259lli il\u0259 ba\u011fl\u0131 m\u00fcraci\u0259ti haz\u0131rlanaraq qar\u015f\u0131dak\u0131 g\u00fcnl\u0259rd\u0259 imzalan\u0131b g\u00f6nd\u0259rilm\u0259si \u00fc\u00e7\u00fcn v\u0259t\u0259nda\u015fa g\u00f6nd\u0259ril\u0259c\u0259k.<\/p>\n\n\n\n<figure class=\"wp-block-image size-full\"><a href=\"https:\/\/regionalhumanrights.org\/az\/wp-content\/uploads\/2023\/07\/Naftalan-Huquqi-yardim-1.jpg\"><img loading=\"lazy\" decoding=\"async\" width=\"1024\" height=\"680\" src=\"https:\/\/regionalhumanrights.org\/az\/wp-content\/uploads\/2023\/07\/Naftalan-Huquqi-yardim-1.jpg\" alt=\"\" class=\"wp-image-2203\" srcset=\"https:\/\/regionalhumanrights.org\/az\/wp-content\/uploads\/2023\/07\/Naftalan-Huquqi-yardim-1.jpg 1024w, https:\/\/regionalhumanrights.org\/az\/wp-content\/uploads\/2023\/07\/Naftalan-Huquqi-yardim-1-300x200.jpg 300w, https:\/\/regionalhumanrights.org\/az\/wp-content\/uploads\/2023\/07\/Naftalan-Huquqi-yardim-1-768x510.jpg 768w, https:\/\/regionalhumanrights.org\/az\/wp-content\/uploads\/2023\/07\/Naftalan-Huquqi-yardim-1-820x545.jpg 820w\" sizes=\"(max-width: 1024px) 100vw, 1024px\" \/><\/a><figcaption class=\"wp-element-caption\">Naftalan \u015f\u0259h\u0259ri<\/figcaption><\/figure>\n\n\n\n<p>Qeyd ed\u0259k ki, layih\u0259 Avropa \u0130ttifaq\u0131 t\u0259r\u0259find\u0259n maliyy\u0259l\u0259\u015fdiril\u0259n v\u0259 BMT-nin \u0130nsan H\u00fcquqlar\u0131 \u00fczr\u0259 Ali Komissarl\u0131\u011f\u0131 t\u0259r\u0259find\u0259n h\u0259yata ke\u00e7iril\u0259n \u201cAz\u0259rbaycanda H\u0259ssas Qruplar\u0131n H\u00fcquqlar\u0131n\u0131n M\u00fcdafi\u0259si\u201d layih\u0259si&nbsp;\u00e7\u0259r\u00e7iv\u0259sind\u0259 h\u0259yata ke\u00e7irilir. &nbsp; 10 ay m\u00fcdd\u0259tind\u0259 icra edil\u0259c\u0259k layih\u0259nin m\u0259qs\u0259di m\u00fcharib\u0259d\u0259n z\u0259r\u0259r\u00e7\u0259k\u0259n \u015f\u0259xsl\u0259r\u0259 v\u0259&nbsp; h\u00fcquqi xidm\u0259t almaq imkan\u0131 olmayan azt\u0259minatl\u0131 \u015f\u0259xsl\u0259r\u0259 pulsuz h\u00fcquqi konsultasiya xidm\u0259ti g\u00f6st\u0259rm\u0259kdir. T\u0259\u015fkilat layih\u0259 \u00e7\u0259r\u00e7iv\u0259sind\u0259 m\u00fcharib\u0259d\u0259n z\u0259r\u0259r\u00e7\u0259k\u0259n \u015f\u0259xsl\u0259r, azt\u0259minatl\u0131 region sakinl\u0259rinin h\u00fcquqlar\u0131n\u0131n b\u0259rpas\u0131 istiqam\u0259tind\u0259 f\u0259aliyy\u0259t g\u00f6st\u0259r\u0259c\u0259k. Benefisiarlar\u0131n aidiyy\u0259ti orqanlara m\u00fcraci\u0259tl\u0259rinin haz\u0131rlanmas\u0131, d\u00f6vl\u0259t qurumlar\u0131na \u0259riz\u0259l\u0259rin yaz\u0131lmas\u0131, m\u0259hk\u0259m\u0259d\u0259 m\u00fcdafi\u0259si v\u0259 dig\u0259r h\u00fcquqi m\u00fcdafi\u0259 t\u0259dbirl\u0259ri il\u0259 onlar\u0131n sosial h\u00fcquqlar\u0131n\u0131n b\u0259rpas\u0131na k\u00f6m\u0259k edil\u0259c\u0259k. T\u0259\u015fkilat\u0131n B\u0259rd\u0259 rayonundak\u0131 ofisind\u0259 v\u0259 h\u0259m\u00e7inin, yax\u0131n m\u00fcdd\u0259td\u0259 A\u011fdam, T\u0259rt\u0259r, Goranboy v\u0259 Naftalana edil\u0259c\u0259k s\u0259f\u0259r zaman\u0131 ehtyac\u0131 olanlara pulsuz h\u00fcquqi konsultasiya xidm\u0259ti g\u00f6st\u0259ril\u0259c\u0259k. Bundan \u0259lav\u0259, azt\u0259minatl\u0131 \u015f\u0259xsl\u0259r \u201cQaynar x\u0259tt\u201d (+994702902299) xidm\u0259ti, \u201cfacebook\u201d (<a href=\"https:\/\/www.facebook.com\/huquqi.yardim.37\">https:\/\/www.facebook.com\/huquqi.yardim.37<\/a>), \u201cinstagram\u201d (<a href=\"https:\/\/www.instagram.com\/huquqiyardim_pulsuz\/\">https:\/\/www.instagram.com\/huquqiyardim_pulsuz\/<\/a>) v\u0259 \u201cWhatsApp\u201d (+994702902299) vasit\u0259sil\u0259 d\u0259 pulsuz h\u00fcquqi konsultasiya xidm\u0259ti ala bil\u0259c\u0259kl\u0259r.<\/p>\n\n\n\n<figure class=\"wp-block-gallery has-nested-images columns-default is-cropped wp-block-gallery-1 is-layout-flex wp-block-gallery-is-layout-flex\">\n<figure class=\"wp-block-image size-large\"><a href=\"https:\/\/regionalhumanrights.org\/az\/wp-content\/uploads\/2023\/07\/Agdam-huquqi-konsultasiya-2.jpg\"><img loading=\"lazy\" decoding=\"async\" width=\"1024\" height=\"680\" data-id=\"2205\" src=\"https:\/\/regionalhumanrights.org\/az\/wp-content\/uploads\/2023\/07\/Agdam-huquqi-konsultasiya-2.jpg\" alt=\"\" class=\"wp-image-2205\" srcset=\"https:\/\/regionalhumanrights.org\/az\/wp-content\/uploads\/2023\/07\/Agdam-huquqi-konsultasiya-2.jpg 1024w, https:\/\/regionalhumanrights.org\/az\/wp-content\/uploads\/2023\/07\/Agdam-huquqi-konsultasiya-2-300x200.jpg 300w, https:\/\/regionalhumanrights.org\/az\/wp-content\/uploads\/2023\/07\/Agdam-huquqi-konsultasiya-2-768x510.jpg 768w, https:\/\/regionalhumanrights.org\/az\/wp-content\/uploads\/2023\/07\/Agdam-huquqi-konsultasiya-2-820x545.jpg 820w\" sizes=\"(max-width: 1024px) 100vw, 1024px\" \/><\/a><figcaption class=\"wp-element-caption\">A\u011fdam rayonu<\/figcaption><\/figure>\n\n\n\n<figure class=\"wp-block-image size-large\"><a href=\"https:\/\/regionalhumanrights.org\/az\/wp-content\/uploads\/2023\/07\/Agdam-huquqi-konsultasiya-3.jpg\"><img loading=\"lazy\" decoding=\"async\" width=\"1024\" height=\"680\" data-id=\"2220\" src=\"https:\/\/regionalhumanrights.org\/az\/wp-content\/uploads\/2023\/07\/Agdam-huquqi-konsultasiya-3.jpg\" alt=\"\" class=\"wp-image-2220\" srcset=\"https:\/\/regionalhumanrights.org\/az\/wp-content\/uploads\/2023\/07\/Agdam-huquqi-konsultasiya-3.jpg 1024w, https:\/\/regionalhumanrights.org\/az\/wp-content\/uploads\/2023\/07\/Agdam-huquqi-konsultasiya-3-300x200.jpg 300w, https:\/\/regionalhumanrights.org\/az\/wp-content\/uploads\/2023\/07\/Agdam-huquqi-konsultasiya-3-768x510.jpg 768w, https:\/\/regionalhumanrights.org\/az\/wp-content\/uploads\/2023\/07\/Agdam-huquqi-konsultasiya-3-820x545.jpg 820w\" sizes=\"(max-width: 1024px) 100vw, 1024px\" \/><\/a><figcaption class=\"wp-element-caption\">A\u011fdam rayonu<\/figcaption><\/figure>\n\n\n\n<figure class=\"wp-block-image size-large\"><a href=\"https:\/\/regionalhumanrights.org\/az\/wp-content\/uploads\/2023\/07\/Agdam-huquqi-konsultasiya-4.jpg\"><img loading=\"lazy\" decoding=\"async\" width=\"1024\" height=\"680\" data-id=\"2218\" src=\"https:\/\/regionalhumanrights.org\/az\/wp-content\/uploads\/2023\/07\/Agdam-huquqi-konsultasiya-4.jpg\" alt=\"\" class=\"wp-image-2218\" srcset=\"https:\/\/regionalhumanrights.org\/az\/wp-content\/uploads\/2023\/07\/Agdam-huquqi-konsultasiya-4.jpg 1024w, https:\/\/regionalhumanrights.org\/az\/wp-content\/uploads\/2023\/07\/Agdam-huquqi-konsultasiya-4-300x200.jpg 300w, https:\/\/regionalhumanrights.org\/az\/wp-content\/uploads\/2023\/07\/Agdam-huquqi-konsultasiya-4-768x510.jpg 768w, https:\/\/regionalhumanrights.org\/az\/wp-content\/uploads\/2023\/07\/Agdam-huquqi-konsultasiya-4-820x545.jpg 820w\" sizes=\"(max-width: 1024px) 100vw, 1024px\" \/><\/a><figcaption class=\"wp-element-caption\">A\u011fdam rayonu<\/figcaption><\/figure>\n\n\n\n<figure class=\"wp-block-image size-large\"><a href=\"https:\/\/regionalhumanrights.org\/az\/wp-content\/uploads\/2023\/07\/Agdam-huquqi-konsultasiya-5.jpg\"><img loading=\"lazy\" decoding=\"async\" width=\"1024\" height=\"680\" data-id=\"2219\" src=\"https:\/\/regionalhumanrights.org\/az\/wp-content\/uploads\/2023\/07\/Agdam-huquqi-konsultasiya-5.jpg\" alt=\"\" class=\"wp-image-2219\" srcset=\"https:\/\/regionalhumanrights.org\/az\/wp-content\/uploads\/2023\/07\/Agdam-huquqi-konsultasiya-5.jpg 1024w, https:\/\/regionalhumanrights.org\/az\/wp-content\/uploads\/2023\/07\/Agdam-huquqi-konsultasiya-5-300x200.jpg 300w, https:\/\/regionalhumanrights.org\/az\/wp-content\/uploads\/2023\/07\/Agdam-huquqi-konsultasiya-5-768x510.jpg 768w, https:\/\/regionalhumanrights.org\/az\/wp-content\/uploads\/2023\/07\/Agdam-huquqi-konsultasiya-5-820x545.jpg 820w\" sizes=\"(max-width: 1024px) 100vw, 1024px\" \/><\/a><figcaption class=\"wp-element-caption\">A\u011fdam rayonu<\/figcaption><\/figure>\n\n\n\n<figure class=\"wp-block-image size-large\"><a href=\"https:\/\/regionalhumanrights.org\/az\/wp-content\/uploads\/2023\/07\/Agdam-huquqi-konsultasiya-6.jpg\"><img loading=\"lazy\" decoding=\"async\" width=\"1024\" height=\"680\" data-id=\"2210\" src=\"https:\/\/regionalhumanrights.org\/az\/wp-content\/uploads\/2023\/07\/Agdam-huquqi-konsultasiya-6.jpg\" alt=\"\" class=\"wp-image-2210\" srcset=\"https:\/\/regionalhumanrights.org\/az\/wp-content\/uploads\/2023\/07\/Agdam-huquqi-konsultasiya-6.jpg 1024w, https:\/\/regionalhumanrights.org\/az\/wp-content\/uploads\/2023\/07\/Agdam-huquqi-konsultasiya-6-300x200.jpg 300w, https:\/\/regionalhumanrights.org\/az\/wp-content\/uploads\/2023\/07\/Agdam-huquqi-konsultasiya-6-768x510.jpg 768w, https:\/\/regionalhumanrights.org\/az\/wp-content\/uploads\/2023\/07\/Agdam-huquqi-konsultasiya-6-820x545.jpg 820w\" sizes=\"(max-width: 1024px) 100vw, 1024px\" \/><\/a><figcaption class=\"wp-element-caption\">A\u011fdam rayonu<\/figcaption><\/figure>\n\n\n\n<figure class=\"wp-block-image size-large\"><a href=\"https:\/\/regionalhumanrights.org\/az\/wp-content\/uploads\/2023\/07\/Agdam-huquqi-konsultasiya-7.jpg\"><img loading=\"lazy\" decoding=\"async\" width=\"1024\" height=\"680\" data-id=\"2211\" src=\"https:\/\/regionalhumanrights.org\/az\/wp-content\/uploads\/2023\/07\/Agdam-huquqi-konsultasiya-7.jpg\" alt=\"\" class=\"wp-image-2211\" srcset=\"https:\/\/regionalhumanrights.org\/az\/wp-content\/uploads\/2023\/07\/Agdam-huquqi-konsultasiya-7.jpg 1024w, https:\/\/regionalhumanrights.org\/az\/wp-content\/uploads\/2023\/07\/Agdam-huquqi-konsultasiya-7-300x200.jpg 300w, https:\/\/regionalhumanrights.org\/az\/wp-content\/uploads\/2023\/07\/Agdam-huquqi-konsultasiya-7-768x510.jpg 768w, https:\/\/regionalhumanrights.org\/az\/wp-content\/uploads\/2023\/07\/Agdam-huquqi-konsultasiya-7-820x545.jpg 820w\" sizes=\"(max-width: 1024px) 100vw, 1024px\" \/><\/a><figcaption class=\"wp-element-caption\">A\u011fdam rayonu<\/figcaption><\/figure>\n\n\n\n<figure class=\"wp-block-image size-large\"><a href=\"https:\/\/regionalhumanrights.org\/az\/wp-content\/uploads\/2023\/07\/Agdam-huquqi-konsultasiya-8.jpg\"><img loading=\"lazy\" decoding=\"async\" width=\"1024\" height=\"680\" data-id=\"2213\" src=\"https:\/\/regionalhumanrights.org\/az\/wp-content\/uploads\/2023\/07\/Agdam-huquqi-konsultasiya-8.jpg\" alt=\"\" class=\"wp-image-2213\" srcset=\"https:\/\/regionalhumanrights.org\/az\/wp-content\/uploads\/2023\/07\/Agdam-huquqi-konsultasiya-8.jpg 1024w, https:\/\/regionalhumanrights.org\/az\/wp-content\/uploads\/2023\/07\/Agdam-huquqi-konsultasiya-8-300x200.jpg 300w, https:\/\/regionalhumanrights.org\/az\/wp-content\/uploads\/2023\/07\/Agdam-huquqi-konsultasiya-8-768x510.jpg 768w, https:\/\/regionalhumanrights.org\/az\/wp-content\/uploads\/2023\/07\/Agdam-huquqi-konsultasiya-8-820x545.jpg 820w\" sizes=\"(max-width: 1024px) 100vw, 1024px\" \/><\/a><figcaption class=\"wp-element-caption\">A\u011fdam rayonu<\/figcaption><\/figure>\n\n\n\n<figure class=\"wp-block-image size-large\"><a href=\"https:\/\/regionalhumanrights.org\/az\/wp-content\/uploads\/2023\/07\/Naftalan-Huquqi-yardim-2.jpg\"><img loading=\"lazy\" decoding=\"async\" width=\"1024\" height=\"680\" data-id=\"2206\" src=\"https:\/\/regionalhumanrights.org\/az\/wp-content\/uploads\/2023\/07\/Naftalan-Huquqi-yardim-2.jpg\" alt=\"\" class=\"wp-image-2206\" srcset=\"https:\/\/regionalhumanrights.org\/az\/wp-content\/uploads\/2023\/07\/Naftalan-Huquqi-yardim-2.jpg 1024w, https:\/\/regionalhumanrights.org\/az\/wp-content\/uploads\/2023\/07\/Naftalan-Huquqi-yardim-2-300x200.jpg 300w, https:\/\/regionalhumanrights.org\/az\/wp-content\/uploads\/2023\/07\/Naftalan-Huquqi-yardim-2-768x510.jpg 768w, https:\/\/regionalhumanrights.org\/az\/wp-content\/uploads\/2023\/07\/Naftalan-Huquqi-yardim-2-820x545.jpg 820w\" sizes=\"(max-width: 1024px) 100vw, 1024px\" \/><\/a><figcaption class=\"wp-element-caption\">Naftalan \u015f\u0259h\u0259ri<\/figcaption><\/figure>\n\n\n\n<figure class=\"wp-block-image size-large\"><a href=\"https:\/\/regionalhumanrights.org\/az\/wp-content\/uploads\/2023\/07\/Naftalan-Huquqi-yardim-3.jpg\"><img loading=\"lazy\" decoding=\"async\" width=\"1024\" height=\"680\" data-id=\"2217\" src=\"https:\/\/regionalhumanrights.org\/az\/wp-content\/uploads\/2023\/07\/Naftalan-Huquqi-yardim-3.jpg\" alt=\"\" class=\"wp-image-2217\" srcset=\"https:\/\/regionalhumanrights.org\/az\/wp-content\/uploads\/2023\/07\/Naftalan-Huquqi-yardim-3.jpg 1024w, https:\/\/regionalhumanrights.org\/az\/wp-content\/uploads\/2023\/07\/Naftalan-Huquqi-yardim-3-300x200.jpg 300w, https:\/\/regionalhumanrights.org\/az\/wp-content\/uploads\/2023\/07\/Naftalan-Huquqi-yardim-3-768x510.jpg 768w, https:\/\/regionalhumanrights.org\/az\/wp-content\/uploads\/2023\/07\/Naftalan-Huquqi-yardim-3-820x545.jpg 820w\" sizes=\"(max-width: 1024px) 100vw, 1024px\" \/><\/a><figcaption class=\"wp-element-caption\">Naftalan \u015f\u0259h\u0259ri<\/figcaption><\/figure>\n\n\n\n<figure class=\"wp-block-image size-large\"><a href=\"https:\/\/regionalhumanrights.org\/az\/wp-content\/uploads\/2023\/07\/Naftalan-Huquqi-yardim-4.jpg\"><img loading=\"lazy\" decoding=\"async\" width=\"1024\" height=\"680\" data-id=\"2207\" src=\"https:\/\/regionalhumanrights.org\/az\/wp-content\/uploads\/2023\/07\/Naftalan-Huquqi-yardim-4.jpg\" alt=\"\" class=\"wp-image-2207\" srcset=\"https:\/\/regionalhumanrights.org\/az\/wp-content\/uploads\/2023\/07\/Naftalan-Huquqi-yardim-4.jpg 1024w, https:\/\/regionalhumanrights.org\/az\/wp-content\/uploads\/2023\/07\/Naftalan-Huquqi-yardim-4-300x200.jpg 300w, https:\/\/regionalhumanrights.org\/az\/wp-content\/uploads\/2023\/07\/Naftalan-Huquqi-yardim-4-768x510.jpg 768w, https:\/\/regionalhumanrights.org\/az\/wp-content\/uploads\/2023\/07\/Naftalan-Huquqi-yardim-4-820x545.jpg 820w\" sizes=\"(max-width: 1024px) 100vw, 1024px\" \/><\/a><figcaption class=\"wp-element-caption\">Naftalan \u015f\u0259h\u0259ri<\/figcaption><\/figure>\n\n\n\n<figure class=\"wp-block-image size-large\"><a href=\"https:\/\/regionalhumanrights.org\/az\/wp-content\/uploads\/2023\/07\/Naftalan-Huquqi-yardim-5.jpg\"><img loading=\"lazy\" decoding=\"async\" width=\"1024\" height=\"680\" data-id=\"2214\" src=\"https:\/\/regionalhumanrights.org\/az\/wp-content\/uploads\/2023\/07\/Naftalan-Huquqi-yardim-5.jpg\" alt=\"\" class=\"wp-image-2214\" srcset=\"https:\/\/regionalhumanrights.org\/az\/wp-content\/uploads\/2023\/07\/Naftalan-Huquqi-yardim-5.jpg 1024w, https:\/\/regionalhumanrights.org\/az\/wp-content\/uploads\/2023\/07\/Naftalan-Huquqi-yardim-5-300x200.jpg 300w, https:\/\/regionalhumanrights.org\/az\/wp-content\/uploads\/2023\/07\/Naftalan-Huquqi-yardim-5-768x510.jpg 768w, https:\/\/regionalhumanrights.org\/az\/wp-content\/uploads\/2023\/07\/Naftalan-Huquqi-yardim-5-820x545.jpg 820w\" sizes=\"(max-width: 1024px) 100vw, 1024px\" \/><\/a><figcaption class=\"wp-element-caption\">Naftalan \u015f\u0259h\u0259ri<\/figcaption><\/figure>\n\n\n\n<figure class=\"wp-block-image size-large\"><a href=\"https:\/\/regionalhumanrights.org\/az\/wp-content\/uploads\/2023\/07\/Naftalan-Huquqi-yardim-6.jpg\"><img loading=\"lazy\" decoding=\"async\" width=\"1024\" height=\"680\" data-id=\"2215\" src=\"https:\/\/regionalhumanrights.org\/az\/wp-content\/uploads\/2023\/07\/Naftalan-Huquqi-yardim-6.jpg\" alt=\"\" class=\"wp-image-2215\" srcset=\"https:\/\/regionalhumanrights.org\/az\/wp-content\/uploads\/2023\/07\/Naftalan-Huquqi-yardim-6.jpg 1024w, https:\/\/regionalhumanrights.org\/az\/wp-content\/uploads\/2023\/07\/Naftalan-Huquqi-yardim-6-300x200.jpg 300w, https:\/\/regionalhumanrights.org\/az\/wp-content\/uploads\/2023\/07\/Naftalan-Huquqi-yardim-6-768x510.jpg 768w, https:\/\/regionalhumanrights.org\/az\/wp-content\/uploads\/2023\/07\/Naftalan-Huquqi-yardim-6-820x545.jpg 820w\" sizes=\"(max-width: 1024px) 100vw, 1024px\" \/><\/a><figcaption class=\"wp-element-caption\">Naftalan \u015f\u0259h\u0259ri<\/figcaption><\/figure>\n\n\n\n<figure class=\"wp-block-image size-large\"><a href=\"https:\/\/regionalhumanrights.org\/az\/wp-content\/uploads\/2023\/07\/Naftalan-Huquqi-yardim-7.jpg\"><img loading=\"lazy\" decoding=\"async\" width=\"1024\" height=\"680\" data-id=\"2208\" src=\"https:\/\/regionalhumanrights.org\/az\/wp-content\/uploads\/2023\/07\/Naftalan-Huquqi-yardim-7.jpg\" alt=\"\" class=\"wp-image-2208\" srcset=\"https:\/\/regionalhumanrights.org\/az\/wp-content\/uploads\/2023\/07\/Naftalan-Huquqi-yardim-7.jpg 1024w, https:\/\/regionalhumanrights.org\/az\/wp-content\/uploads\/2023\/07\/Naftalan-Huquqi-yardim-7-300x200.jpg 300w, https:\/\/regionalhumanrights.org\/az\/wp-content\/uploads\/2023\/07\/Naftalan-Huquqi-yardim-7-768x510.jpg 768w, https:\/\/regionalhumanrights.org\/az\/wp-content\/uploads\/2023\/07\/Naftalan-Huquqi-yardim-7-820x545.jpg 820w\" sizes=\"(max-width: 1024px) 100vw, 1024px\" \/><\/a><figcaption class=\"wp-element-caption\">Naftalan \u015f\u0259h\u0259ri<\/figcaption><\/figure>\n\n\n\n<figure class=\"wp-block-image size-large\"><a href=\"https:\/\/regionalhumanrights.org\/az\/wp-content\/uploads\/2023\/07\/Naftalan-Huquqi-yardim-8.jpg\"><img loading=\"lazy\" decoding=\"async\" width=\"1024\" height=\"680\" data-id=\"2216\" src=\"https:\/\/regionalhumanrights.org\/az\/wp-content\/uploads\/2023\/07\/Naftalan-Huquqi-yardim-8.jpg\" alt=\"\" class=\"wp-image-2216\" srcset=\"https:\/\/regionalhumanrights.org\/az\/wp-content\/uploads\/2023\/07\/Naftalan-Huquqi-yardim-8.jpg 1024w, https:\/\/regionalhumanrights.org\/az\/wp-content\/uploads\/2023\/07\/Naftalan-Huquqi-yardim-8-300x200.jpg 300w, https:\/\/regionalhumanrights.org\/az\/wp-content\/uploads\/2023\/07\/Naftalan-Huquqi-yardim-8-768x510.jpg 768w, https:\/\/regionalhumanrights.org\/az\/wp-content\/uploads\/2023\/07\/Naftalan-Huquqi-yardim-8-820x545.jpg 820w\" sizes=\"(max-width: 1024px) 100vw, 1024px\" \/><\/a><figcaption class=\"wp-element-caption\">Naftalan \u015f\u0259h\u0259ri<\/figcaption><\/figure>\n\n\n\n<figure class=\"wp-block-image size-large\"><a href=\"https:\/\/regionalhumanrights.org\/az\/wp-content\/uploads\/2023\/07\/Naftalan-Huquqi-yardim-9.jpg\"><img loading=\"lazy\" decoding=\"async\" width=\"1024\" height=\"680\" data-id=\"2212\" src=\"https:\/\/regionalhumanrights.org\/az\/wp-content\/uploads\/2023\/07\/Naftalan-Huquqi-yardim-9.jpg\" alt=\"\" class=\"wp-image-2212\" srcset=\"https:\/\/regionalhumanrights.org\/az\/wp-content\/uploads\/2023\/07\/Naftalan-Huquqi-yardim-9.jpg 1024w, https:\/\/regionalhumanrights.org\/az\/wp-content\/uploads\/2023\/07\/Naftalan-Huquqi-yardim-9-300x200.jpg 300w, https:\/\/regionalhumanrights.org\/az\/wp-content\/uploads\/2023\/07\/Naftalan-Huquqi-yardim-9-768x510.jpg 768w, https:\/\/regionalhumanrights.org\/az\/wp-content\/uploads\/2023\/07\/Naftalan-Huquqi-yardim-9-820x545.jpg 820w\" sizes=\"(max-width: 1024px) 100vw, 1024px\" \/><\/a><figcaption class=\"wp-element-caption\">Naftalan \u015f\u0259h\u0259ri<\/figcaption><\/figure>\n\n\n\n<figure class=\"wp-block-image size-large\"><a href=\"https:\/\/regionalhumanrights.org\/az\/wp-content\/uploads\/2023\/07\/Naftalan-Huquqi-yardim-10.jpg\"><img loading=\"lazy\" decoding=\"async\" width=\"1024\" height=\"680\" data-id=\"2209\" src=\"https:\/\/regionalhumanrights.org\/az\/wp-content\/uploads\/2023\/07\/Naftalan-Huquqi-yardim-10.jpg\" alt=\"\" class=\"wp-image-2209\" srcset=\"https:\/\/regionalhumanrights.org\/az\/wp-content\/uploads\/2023\/07\/Naftalan-Huquqi-yardim-10.jpg 1024w, https:\/\/regionalhumanrights.org\/az\/wp-content\/uploads\/2023\/07\/Naftalan-Huquqi-yardim-10-300x200.jpg 300w, https:\/\/regionalhumanrights.org\/az\/wp-content\/uploads\/2023\/07\/Naftalan-Huquqi-yardim-10-768x510.jpg 768w, https:\/\/regionalhumanrights.org\/az\/wp-content\/uploads\/2023\/07\/Naftalan-Huquqi-yardim-10-820x545.jpg 820w\" sizes=\"(max-width: 1024px) 100vw, 1024px\" \/><\/a><figcaption class=\"wp-element-caption\">Naftalan \u015f\u0259h\u0259ri<\/figcaption><\/figure>\n<\/figure>\n","protected":false},"excerpt":{"rendered":"<p>Regional \u0130nsan H\u00fcquqlar\u0131 v\u0259 Media M\u0259rk\u0259zi A\u011fdam rayonu v\u0259 Naftalan \u015f\u0259h\u0259rind\u0259 h\u0259ssas qrupdan olan \u015f\u0259xsl\u0259r\u0259 h\u00fcquqi konsultasiya xidm\u0259ti g\u00f6st\u0259rib. T\u0259\u015fkilat\u0131n icra etdiyi \u201cH\u0259ssas v\u0259ziyy\u0259td\u0259 olan qruplardan olan insanlara h\u00fcquqi d\u0259st\u0259k\u201d layih\u0259si \u00e7\u0259r\u00e7iv\u0259sind\u0259 ke\u00e7iril\u0259n q\u0259bulda v\u0259t\u0259nda\u015flar \u00fcmumilikd\u0259 v\u0259 f\u0259rdi qaydada q\u0259bul edilib. A\u011fdam rayonunda ke\u00e7iril\u0259n v\u0259t\u0259nda\u015f q\u0259bulunda 20 n\u0259f\u0259rin problemi dinl\u0259nilib. Layih\u0259nin h\u00fcquq\u015f\u00fcnas\u0131 Araz Nurm\u0259mm\u0259dov t\u0259r\u0259find\u0259n&#8230;<\/p>\n","protected":false},"author":3,"featured_media":2202,"comment_status":"closed","ping_status":"closed","sticky":false,"template":"","format":"standard","meta":{"footnotes":""},"categories":[11,13],"tags":[],"_links":{"self":[{"href":"https:\/\/regionalhumanrights.org\/az\/index.php?rest_route=\/wp\/v2\/posts\/2201"}],"collection":[{"href":"https:\/\/regionalhumanrights.org\/az\/index.php?rest_route=\/wp\/v2\/posts"}],"about":[{"href":"https:\/\/regionalhumanrights.org\/az\/index.php?rest_route=\/wp\/v2\/types\/post"}],"author":[{"embeddable":true,"href":"https:\/\/regionalhumanrights.org\/az\/index.php?rest_route=\/wp\/v2\/users\/3"}],"replies":[{"embeddable":true,"href":"https:\/\/regionalhumanrights.org\/az\/index.php?rest_route=%2Fwp%2Fv2%2Fcomments&post=2201"}],"version-history":[{"count":2,"href":"https:\/\/regionalhumanrights.org\/az\/index.php?rest_route=\/wp\/v2\/posts\/2201\/revisions"}],"predecessor-version":[{"id":2225,"href":"https:\/\/regionalhumanrights.org\/az\/index.php?rest_route=\/wp\/v2\/posts\/2201\/revisions\/2225"}],"wp:featuredmedia":[{"embeddable":true,"href":"https:\/\/regionalhumanrights.org\/az\/index.php?rest_route=\/wp\/v2\/media\/2202"}],"wp:attachment":[{"href":"https:\/\/regionalhumanrights.org\/az\/index.php?rest_route=%2Fwp%2Fv2%2Fmedia&parent=2201"}],"wp:term":[{"taxonomy":"category","embeddable":true,"href":"https:\/\/regionalhumanrights.org\/az\/index.php?rest_route=%2Fwp%2Fv2%2Fcategories&post=2201"},{"taxonomy":"post_tag","embeddable":true,"href":"https:\/\/regionalhumanrights.org\/az\/index.php?rest_route=%2Fwp%2Fv2%2Ftags&post=2201"}],"curies":[{"name":"wp","href":"https:\/\/api.w.org\/{rel}","templated":true}]}}