{"id":607,"date":"2011-11-18T21:38:13","date_gmt":"2011-11-18T17:38:13","guid":{"rendered":"http:\/\/regionalhumanrights.org\/az\/?p=607"},"modified":"2011-11-19T21:41:47","modified_gmt":"2011-11-19T17:41:47","slug":"dunya-az%c9%99rbaycanlilarinin-h%c9%99mr%c9%99yliyi-gunu-v%c9%99-yeni-il-munasib%c9%99til%c9%99-f%c9%99rdi-jurnalist-yazilari-musabiq%c9%99si-elan-edilib","status":"publish","type":"post","link":"https:\/\/regionalhumanrights.org\/az\/?p=607","title":{"rendered":"D\u00fcnya Az\u0259rbaycanl\u0131lar\u0131n\u0131n H\u0259mr\u0259yliyi G\u00fcn\u00fc v\u0259 Yeni il m\u00fcnasib\u0259til\u0259 f\u0259rdi jurnalist yaz\u0131lar\u0131 m\u00fcsabiq\u0259si elan edilib"},"content":{"rendered":"<p style=\"text-align: justify;\">Bu g\u00fcn Az\u0259rbaycan Respublikas\u0131 Prezidenti yan\u0131nda K\u00fctl\u0259vi \u0130nformasiya Vasit\u0259l\u0259rinin \u0130nki\u015faf\u0131na D\u00f6vl\u0259t D\u0259st\u0259yi Fondunun M\u00fc\u015fahid\u0259 \u015euras\u0131n\u0131n n\u00f6vb\u0259ti iclas\u0131 ke\u00e7irilib. Fondan\u00a0 veril\u0259n m\u0259lumata g\u00f6r\u0259, iclasda bir m\u0259s\u0259l\u0259 &#8211; D\u00fcnya Az\u0259rbaycanl\u0131lar\u0131n\u0131n H\u0259mr\u0259yliyi G\u00fcn\u00fc v\u0259 Yeni il m\u00fcnasib\u0259til\u0259 Fondun n\u00f6vb\u0259ti f\u0259rdi jurnalist yaz\u0131lar\u0131 m\u00fcsabiq\u0259sinin elan\u0131 m\u00fczakir\u0259 olunub.<!--more-->M\u00fczakir\u0259l\u0259rin yekunu kimi K\u00fctl\u0259vi \u0130nformasiya Vasit\u0259l\u0259rinin \u0130nki\u015faf\u0131na D\u00f6vl\u0259t D\u0259st\u0259yi Konsepsiyas\u0131nda n\u0259z\u0259rd\u0259 tutulmu\u015f 10 istiqam\u0259t \u00fczr\u0259 30 m\u00f6vzu m\u00fc\u0259yy\u0259nl\u0259\u015fdirilib. M\u00fcsabiq\u0259nin noyabr\u0131n 19-dan dekabr\u0131n 20-d\u0259k ke\u00e7irilm\u0259si q\u0259rara al\u0131n\u0131b.<\/p>\n","protected":false},"excerpt":{"rendered":"<p>Bu g\u00fcn Az\u0259rbaycan Respublikas\u0131 Prezidenti yan\u0131nda K\u00fctl\u0259vi \u0130nformasiya Vasit\u0259l\u0259rinin \u0130nki\u015faf\u0131na D\u00f6vl\u0259t D\u0259st\u0259yi Fondunun M\u00fc\u015fahid\u0259 \u015euras\u0131n\u0131n n\u00f6vb\u0259ti iclas\u0131 ke\u00e7irilib. Fondan\u00a0 veril\u0259n m\u0259lumata g\u00f6r\u0259, iclasda bir m\u0259s\u0259l\u0259 &#8211; D\u00fcnya Az\u0259rbaycanl\u0131lar\u0131n\u0131n H\u0259mr\u0259yliyi G\u00fcn\u00fc v\u0259 Yeni il m\u00fcnasib\u0259til\u0259 Fondun n\u00f6vb\u0259ti f\u0259rdi jurnalist yaz\u0131lar\u0131 m\u00fcsabiq\u0259sinin elan\u0131 m\u00fczakir\u0259 olunub.<\/p>\n","protected":false},"author":1,"featured_media":0,"comment_status":"closed","ping_status":"closed","sticky":false,"template":"","format":"standard","meta":{"footnotes":""},"categories":[14],"tags":[],"_links":{"self":[{"href":"https:\/\/regionalhumanrights.org\/az\/index.php?rest_route=\/wp\/v2\/posts\/607"}],"collection":[{"href":"https:\/\/regionalhumanrights.org\/az\/index.php?rest_route=\/wp\/v2\/posts"}],"about":[{"href":"https:\/\/regionalhumanrights.org\/az\/index.php?rest_route=\/wp\/v2\/types\/post"}],"author":[{"embeddable":true,"href":"https:\/\/regionalhumanrights.org\/az\/index.php?rest_route=\/wp\/v2\/users\/1"}],"replies":[{"embeddable":true,"href":"https:\/\/regionalhumanrights.org\/az\/index.php?rest_route=%2Fwp%2Fv2%2Fcomments&post=607"}],"version-history":[{"count":2,"href":"https:\/\/regionalhumanrights.org\/az\/index.php?rest_route=\/wp\/v2\/posts\/607\/revisions"}],"predecessor-version":[{"id":609,"href":"https:\/\/regionalhumanrights.org\/az\/index.php?rest_route=\/wp\/v2\/posts\/607\/revisions\/609"}],"wp:attachment":[{"href":"https:\/\/regionalhumanrights.org\/az\/index.php?rest_route=%2Fwp%2Fv2%2Fmedia&parent=607"}],"wp:term":[{"taxonomy":"category","embeddable":true,"href":"https:\/\/regionalhumanrights.org\/az\/index.php?rest_route=%2Fwp%2Fv2%2Fcategories&post=607"},{"taxonomy":"post_tag","embeddable":true,"href":"https:\/\/regionalhumanrights.org\/az\/index.php?rest_route=%2Fwp%2Fv2%2Ftags&post=607"}],"curies":[{"name":"wp","href":"https:\/\/api.w.org\/{rel}","templated":true}]}}